{"id":9523,"date":"2024-08-23T13:32:05","date_gmt":"2024-08-23T10:02:05","guid":{"rendered":"https:\/\/pjak.net\/?p=9523"},"modified":"2024-08-23T13:32:05","modified_gmt":"2024-08-23T10:02:05","slug":"navenda-raghandin-u-capemeniya-yrk-e-nasnameya-sehideki-xwe-bi-raya-gisti-re-esker-kir","status":"publish","type":"post","link":"https:\/\/pjak.net\/ku\/9523","title":{"rendered":"Navenda Raghandin \u00fb \u00c7apemeniya YRK \u00ea Nasnameya \u015eeh\u00eedek\u00ee xwe bi raya gi\u015ft\u00ee re e\u015fker kir"},"content":{"rendered":"\n<p class=\"has-text-align-left\"><strong>Navenda Raghandin \u00fb \u00c7apemeniya YRK \u00ea Nasnameya \u015eeh\u00eedek\u00ee xwe bi raya gi\u015ft\u00ee re e\u015fker kir<\/strong><strong><\/strong><\/p>\n\n\n\n<p class=\"has-text-align-left\">Di d\u00eeroka 3 \u00ea meha T\u00eermeh\u00ea de, li her\u00eama Asos r\u00eahevalek\u00ee me bi nav\u00ea Har\u00fbn Part\u00eezan dema ku li ser erka xwe ya \u015fore\u015fger\u00ee b\u00fb. Di encama qezayek\u00ea de digh\u00eaje asata \u015fehadet\u00ea. Di ser\u00ee de em ji malbata r\u00eaheval\u00ea xwe re sersaxiy\u00ea dixwazin.<\/p>\n\n\n\n<p class=\"has-text-align-left\">Wek gel\u00ea me \u00fb raya gi\u015ft\u00ee dizane ji destp\u00eaka tevgera azadiy\u00ea \u00fb heta neha gelek ke\u00e7 \u00fb xort\u00ean giranb\u00fbha li beramber parastina destkeft\u00ee \u00fb heb\u00fbna gel\u00ea Kurd \u00e7an\u00ea xwe kirin e mertal \u00fb heta dilopa xw\u00eena xwe ya daw\u00ee \u015fer kirine \u00fb li ber xwe dane. Ev teko\u015f\u00eena t\u00ea me\u015fandin p\u00eaw\u00eeste mirov pir ba\u015f zanibe ku bi saya fedekar\u00ee \u00fb keda \u015feh\u00eed\u00ean riya azadiy\u00ea ye. Li ser v\u00ee esas\u00ee r\u00eaheval\u00ea me Har\u00fbn Part\u00eezan j\u00ee yek ji wan ewlad\u00ean gel\u00ea me y\u00ea bi fedekar\u00ee \u00fb dil w\u00earekiya xwe heta daw\u00ee ew teko\u015f\u00een da me\u015fandin \u00fb geha\u015fte asata \u015fehadet\u00ea.<\/p>\n\n\n\n<p class=\"has-text-align-left\"><strong>Agahiy\u00ean li ser Nasnameya \u015eeh\u00eed bi v\u00ee reng\u00ee ne:<\/strong><\/p>\n\n\n\n<p class=\"has-text-align-left\"><strong>NAV \u00db PA\u015eNAV: <\/strong>HOZAN OZDEMIR<\/p>\n\n\n\n<p class=\"has-text-align-left\"><strong>NAV\u00ca TEVGER\u00ce: <\/strong>HAR\u00dbN PART\u00ceZAN<\/p>\n\n\n\n<p class=\"has-text-align-left\"><strong>CIH \u00db D\u00ceROKA BE\u015eDARB\u00dbN\u00ca: <\/strong>MEXM\u00dbR-2019<\/p>\n\n\n\n<p class=\"has-text-align-left\"><strong>CIH \u00db D\u00ceROKA \u015eEHADET\u00ca: <\/strong>ASOS-3-7-2024<\/p>\n\n\n\n<p class=\"has-text-align-left\"><strong>Di derbar\u00ea R\u00eaheval\u00ea me de agah\u00ee:<\/strong><\/p>\n\n\n\n<p class=\"has-text-align-left\">Hozan Ozdemir zarok\u00ea ku w\u00ea bibe serhild\u00ear \u00fb di riya serkeftin\u00ea de dest bi me\u015fa azadiy bike. Di sala 1995 an de li Gevera Bakur\u00ea wel\u00eat \u00e7av\u00ea xwe li dinyay\u00ea vedike. ji ber welatpar\u00eaziya malbat\u00ea dibe zarokek\u00ee bi \u015fens ku di zarokatiya xwe de tevgera azadiy\u00ea nas dike. Di dema zarokatiy\u00ea de ji ber hatin \u00fb \u00e7\u00fbndina hevalan ya ji her\u00eama wan re h\u00een z\u00eadetir naskirina xwe ya ji tevgera apoy\u00ee re k\u00fbrtir dibe. Bi hest\u00ean welatpar\u00eaz\u00ee t\u00ea mezenkirin. Di temen\u00ea xwe y\u00ea ciwantiy\u00ea de tevl\u00ee nava kar \u00fb xebatan dibe, bi tevl\u00eeb\u00fbna xwe ya nava kar \u00fb xebatan re zaneb\u00fbna xwe ya ji fikir \u00fb felsefeya R\u00eaber APO re h\u00een z\u00eadetir ava dibe. Di p\u00eavajoya \u015fer\u00ean li bajar\u00ean Bakur\u00ea Kurdistan\u00ea y\u00ea sala 2015-2016 an de ew j\u00ee m\u00eena gelek ciwan\u00ean dil w\u00earek tevl\u00eeb\u00fbna xwe ya ji w\u00ea p\u00eavajoy\u00ea re dide \u00e7\u00eakirin \u00fb li beramber hov\u00eetiya dewleta Tirk ya dagirker \u015fer dike \u00fb li ber xwe dide.<\/p>\n\n\n\n<p class=\"has-text-align-left\">Her ku kar dike zaneb\u00fbna xwe mezin dike li ser v\u00ea zaneb\u00fbna ku jiyan dike, ji bo ku ji p\u00eavajoya hey\u00ee re h\u00een z\u00eadetir bibe bersiv di sala 2019 an de ber\u00ea xwe dide nava ref\u00ean ger\u00eela \u00fb \u00ead\u00ee dest bi me\u015fa xwe ya azadiy\u00ea dike. li \u00e7iyay\u00ean Kurdistan\u00ea pi\u015ft\u00ee ku perwerdeya xwe ya seretay\u00ee bi daw\u00ee dike bi fedekariyeke b\u00ea hempa ji asta t\u00ea xwestin z\u00eadetir tevl\u00eeb\u00fbna xwe ya ji kar \u00fb xebatan re raber dike. ji bo ku ji p\u00eavajoya hey\u00ee \u00fb ji erk\u00ean \u015fore\u015f\u00ea re bibe bersiv bi heyecan \u00fb mereqeke pir mezin kar\u00ea xwe bi serkeft\u00ee hertim p\u00eakt\u00eene. Di dil\u00ea her hevalek\u00ee de cih\u00ea xwe bi hezkirina ku ji r\u00eahevaltiy\u00ea re dide diyarkirin cih\u00ea xwe \u00e7\u00eadike. Di her k\u00ealiya jiyan\u00ea de asta tevl\u00eeb\u00fbna ji p\u00eavajoy\u00ea re l\u00eah\u00fbrb\u00fbn dike. li ser w\u00ee esas\u00ee ji bo ku bikaribe bibe bersiv xwe her tim di \u00eedeolojiya R\u00eaber APO de k\u00fbr dike \u00fb xwe perwerde dike. ji bo ku bibe ger\u00eelayek\u00ee pirofisyonel bi mereq \u00fb hezkirineke pir mezin di her war\u00ee de xwe p\u00ea\u015fdixe. Bi van taybetmendiyan re di demek kin de di nava ref\u00ean me de ji xebatan re p\u00ea\u015fengtiy\u00ea dike \u00fb dibe p\u00ea\u015fengek\u00ee APOY\u00ce y\u00ea ku her tim serkeftin\u00ea ava dike. Heval\u00ea me Har\u00fbn bi j\u00eerb\u00fbn \u00fb w\u00earekiya xwe di gelek astan de fermandar\u00ee kir \u00fb b\u00fb m\u00eenaka fermandarek\u00ee p\u00ea\u015feng y\u00ea dema ger\u00eelatiya serdem\u00ea. Ji bo serkeftin\u00ea bi e\u015fq \u00fb moral, ji bo p\u00ea\u015fxistina ger\u00eelatiya modern\u00eeteya demokrat\u00eek her tim di nava ked \u00fb hewldanan de b\u00fb. Di sal\u00ean daw\u00ee de ji bo p\u00eakan\u00eena takt\u00eek\u00ean dem\u00ea ji bo p\u00ea\u015fxistina \u015fer\u00ea t\u00fbnel \u00fb t\u00eem\u00ean bi tevger p\u00ea\u015fengtiya fermandariya dem\u00ea j\u00eare kir \u00fb di v\u00ea h\u00eal\u00ea de b\u00fb fermandarek\u00ee m\u00eenak. R\u00eaheval\u00ea me dema ku di nava van amadekariya de cih digrt, dema li ser erka xwe b\u00fb bi qezayek\u00ee b\u00ea wext re r\u00fb bi r\u00fb hat \u00fb geha\u015fete asta \u015fehadet\u00ea. Em wek r\u00eaheval\u00ean heval Har\u00fbn em \u00ea li e\u015fq \u00fb xeyal\u00ean w\u00ee y\u00ean ji bo serkeftin\u00ea heta daw\u00ee di cih\u00ean ku mab\u00fb de bi serkeftin\u00ea tac\u00eedar bikin. &nbsp;&nbsp;&nbsp;&nbsp;<\/p>\n\n\n\n<p class=\"has-text-align-left\">Di daw\u00ee de wek yek\u00eeney\u00ean Rojhilat\u00ea Kurdistan\u00ea di ser\u00ee de em ji malbata \u015eeh\u00eed\u00ea xwe \u00fb ji hem\u00fb gel\u00ea Kurdistan\u00ea y\u00ea welatpar\u00eaz re sersaxiy\u00ea dixwazin \u00fb careke din em didin diyarkirin ku em \u00ea heta dawiy\u00ea xwed\u00ee li m\u00eeratey\u00ean wan hevrey\u00ean xwe derkevin, em soz didin ku heta dawiy\u00ea ji bo ku em xeyal\u00ean wan \u015eeh\u00eedan bigh\u00eenin serkeftin\u00ea her tim em \u00ea di r\u00eaya van \u015feh\u00eedan de bime\u015fin \u00fb teko\u015f\u00eena xwe h\u00een mezintir bikin.<\/p>\n\n\n\n<figure class=\"wp-block-image size-full\"><img loading=\"lazy\" decoding=\"async\" width=\"960\" height=\"536\" src=\"https:\/\/pjak.net\/ku\/wp-content\/uploads\/sites\/4\/2024\/08\/photo_2024-08-23_12-52-43.jpg\" alt=\"\" class=\"wp-image-9524\" srcset=\"https:\/\/pjak.net\/ku\/wp-content\/uploads\/sites\/4\/2024\/08\/photo_2024-08-23_12-52-43.jpg 960w, https:\/\/pjak.net\/ku\/wp-content\/uploads\/sites\/4\/2024\/08\/photo_2024-08-23_12-52-43-300x168.jpg 300w, https:\/\/pjak.net\/ku\/wp-content\/uploads\/sites\/4\/2024\/08\/photo_2024-08-23_12-52-43-768x429.jpg 768w\" sizes=\"auto, (max-width: 960px) 100vw, 960px\" \/><\/figure>\n\n\n\n<figure class=\"wp-block-image size-full\"><img loading=\"lazy\" decoding=\"async\" width=\"960\" height=\"540\" src=\"https:\/\/pjak.net\/ku\/wp-content\/uploads\/sites\/4\/2024\/08\/photo_2024-08-23_12-52-54.jpg\" alt=\"\" class=\"wp-image-9525\" srcset=\"https:\/\/pjak.net\/ku\/wp-content\/uploads\/sites\/4\/2024\/08\/photo_2024-08-23_12-52-54.jpg 960w, https:\/\/pjak.net\/ku\/wp-content\/uploads\/sites\/4\/2024\/08\/photo_2024-08-23_12-52-54-300x169.jpg 300w, https:\/\/pjak.net\/ku\/wp-content\/uploads\/sites\/4\/2024\/08\/photo_2024-08-23_12-52-54-768x432.jpg 768w\" sizes=\"auto, (max-width: 960px) 100vw, 960px\" \/><\/figure>\n\n\n\n<figure class=\"wp-block-image size-full\"><img loading=\"lazy\" decoding=\"async\" width=\"960\" height=\"540\" src=\"https:\/\/pjak.net\/ku\/wp-content\/uploads\/sites\/4\/2024\/08\/photo_2024-08-23_12-53-01.jpg\" alt=\"\" class=\"wp-image-9526\" srcset=\"https:\/\/pjak.net\/ku\/wp-content\/uploads\/sites\/4\/2024\/08\/photo_2024-08-23_12-53-01.jpg 960w, https:\/\/pjak.net\/ku\/wp-content\/uploads\/sites\/4\/2024\/08\/photo_2024-08-23_12-53-01-300x169.jpg 300w, https:\/\/pjak.net\/ku\/wp-content\/uploads\/sites\/4\/2024\/08\/photo_2024-08-23_12-53-01-768x432.jpg 768w\" sizes=\"auto, (max-width: 960px) 100vw, 960px\" \/><\/figure>\n\n\n\n<figure class=\"wp-block-image size-full\"><img loading=\"lazy\" decoding=\"async\" width=\"960\" height=\"540\" src=\"https:\/\/pjak.net\/ku\/wp-content\/uploads\/sites\/4\/2024\/08\/photo_2024-08-23_12-53-07.jpg\" alt=\"\" class=\"wp-image-9527\" srcset=\"https:\/\/pjak.net\/ku\/wp-content\/uploads\/sites\/4\/2024\/08\/photo_2024-08-23_12-53-07.jpg 960w, https:\/\/pjak.net\/ku\/wp-content\/uploads\/sites\/4\/2024\/08\/photo_2024-08-23_12-53-07-300x169.jpg 300w, https:\/\/pjak.net\/ku\/wp-content\/uploads\/sites\/4\/2024\/08\/photo_2024-08-23_12-53-07-768x432.jpg 768w\" sizes=\"auto, (max-width: 960px) 100vw, 960px\" \/><\/figure>\n\n\n\n<figure class=\"wp-block-image size-full\"><img loading=\"lazy\" decoding=\"async\" width=\"960\" height=\"540\" src=\"https:\/\/pjak.net\/ku\/wp-content\/uploads\/sites\/4\/2024\/08\/photo_2024-08-23_12-53-13.jpg\" alt=\"\" class=\"wp-image-9528\" srcset=\"https:\/\/pjak.net\/ku\/wp-content\/uploads\/sites\/4\/2024\/08\/photo_2024-08-23_12-53-13.jpg 960w, https:\/\/pjak.net\/ku\/wp-content\/uploads\/sites\/4\/2024\/08\/photo_2024-08-23_12-53-13-300x169.jpg 300w, https:\/\/pjak.net\/ku\/wp-content\/uploads\/sites\/4\/2024\/08\/photo_2024-08-23_12-53-13-768x432.jpg 768w\" sizes=\"auto, (max-width: 960px) 100vw, 960px\" \/><\/figure>\n\n\n\n<figure class=\"wp-block-image size-full\"><img loading=\"lazy\" decoding=\"async\" width=\"960\" height=\"540\" src=\"https:\/\/pjak.net\/ku\/wp-content\/uploads\/sites\/4\/2024\/08\/photo_2024-08-23_12-53-18.jpg\" alt=\"\" class=\"wp-image-9529\" srcset=\"https:\/\/pjak.net\/ku\/wp-content\/uploads\/sites\/4\/2024\/08\/photo_2024-08-23_12-53-18.jpg 960w, https:\/\/pjak.net\/ku\/wp-content\/uploads\/sites\/4\/2024\/08\/photo_2024-08-23_12-53-18-300x169.jpg 300w, https:\/\/pjak.net\/ku\/wp-content\/uploads\/sites\/4\/2024\/08\/photo_2024-08-23_12-53-18-768x432.jpg 768w\" sizes=\"auto, (max-width: 960px) 100vw, 960px\" \/><\/figure>\n\n\n\n<figure class=\"wp-block-image size-full\"><img loading=\"lazy\" decoding=\"async\" width=\"960\" height=\"540\" src=\"https:\/\/pjak.net\/ku\/wp-content\/uploads\/sites\/4\/2024\/08\/photo_2024-08-23_12-53-23.jpg\" alt=\"\" class=\"wp-image-9530\" srcset=\"https:\/\/pjak.net\/ku\/wp-content\/uploads\/sites\/4\/2024\/08\/photo_2024-08-23_12-53-23.jpg 960w, https:\/\/pjak.net\/ku\/wp-content\/uploads\/sites\/4\/2024\/08\/photo_2024-08-23_12-53-23-300x169.jpg 300w, https:\/\/pjak.net\/ku\/wp-content\/uploads\/sites\/4\/2024\/08\/photo_2024-08-23_12-53-23-768x432.jpg 768w\" sizes=\"auto, (max-width: 960px) 100vw, 960px\" \/><\/figure>\n\n\n\n<figure class=\"wp-block-image size-full\"><img loading=\"lazy\" decoding=\"async\" width=\"960\" height=\"640\" src=\"https:\/\/pjak.net\/ku\/wp-content\/uploads\/sites\/4\/2024\/08\/photo_2024-08-23_12-53-28.jpg\" alt=\"\" class=\"wp-image-9531\" srcset=\"https:\/\/pjak.net\/ku\/wp-content\/uploads\/sites\/4\/2024\/08\/photo_2024-08-23_12-53-28.jpg 960w, https:\/\/pjak.net\/ku\/wp-content\/uploads\/sites\/4\/2024\/08\/photo_2024-08-23_12-53-28-300x200.jpg 300w, https:\/\/pjak.net\/ku\/wp-content\/uploads\/sites\/4\/2024\/08\/photo_2024-08-23_12-53-28-768x512.jpg 768w\" sizes=\"auto, (max-width: 960px) 100vw, 960px\" \/><\/figure>\n","protected":false},"excerpt":{"rendered":"<p>Navenda Raghandin \u00fb \u00c7apemeniya YRK \u00ea Nasnameya \u015eeh\u00eedek\u00ee xwe bi raya gi\u015ft\u00ee re e\u015fker kir Di d\u00eeroka 3 \u00ea meha T\u00eermeh\u00ea de, li her\u00eama Asos r\u00eahevalek\u00ee me bi nav\u00ea Har\u00fbn Part\u00eezan dema ku li ser erka xwe ya \u015fore\u015fger\u00ee b\u00fb. Di encama qezayek\u00ea de digh\u00eaje asata \u015fehadet\u00ea. Di ser\u00ee de em ji malbata r\u00eaheval\u00ea xwe [&hellip;]<\/p>\n","protected":false},"author":2,"featured_media":9524,"comment_status":"closed","ping_status":"open","sticky":false,"template":"","format":"standard","meta":{"_acf_changed":false,"footnotes":""},"categories":[4],"tags":[],"class_list":{"0":"post-9523","1":"post","2":"type-post","3":"status-publish","4":"format-standard","5":"has-post-thumbnail","7":"category-gotar"},"acf":[],"_links":{"self":[{"href":"https:\/\/pjak.net\/ku\/wp-json\/wp\/v2\/posts\/9523","targetHints":{"allow":["GET"]}}],"collection":[{"href":"https:\/\/pjak.net\/ku\/wp-json\/wp\/v2\/posts"}],"about":[{"href":"https:\/\/pjak.net\/ku\/wp-json\/wp\/v2\/types\/post"}],"author":[{"embeddable":true,"href":"https:\/\/pjak.net\/ku\/wp-json\/wp\/v2\/users\/2"}],"replies":[{"embeddable":true,"href":"https:\/\/pjak.net\/ku\/wp-json\/wp\/v2\/comments?post=9523"}],"version-history":[{"count":0,"href":"https:\/\/pjak.net\/ku\/wp-json\/wp\/v2\/posts\/9523\/revisions"}],"wp:featuredmedia":[{"embeddable":true,"href":"https:\/\/pjak.net\/ku\/wp-json\/wp\/v2\/media\/9524"}],"wp:attachment":[{"href":"https:\/\/pjak.net\/ku\/wp-json\/wp\/v2\/media?parent=9523"}],"wp:term":[{"taxonomy":"category","embeddable":true,"href":"https:\/\/pjak.net\/ku\/wp-json\/wp\/v2\/categories?post=9523"},{"taxonomy":"post_tag","embeddable":true,"href":"https:\/\/pjak.net\/ku\/wp-json\/wp\/v2\/tags?post=9523"}],"curies":[{"name":"wp","href":"https:\/\/api.w.org\/{rel}","templated":true}]}}