{"id":9507,"date":"2024-07-27T15:37:10","date_gmt":"2024-07-27T12:07:10","guid":{"rendered":"https:\/\/pjak.net\/?p=9507"},"modified":"2024-07-27T15:37:10","modified_gmt":"2024-07-27T12:07:10","slug":"daxoyanya-navenda-capemeni-u-ragihandina-yrk","status":"publish","type":"post","link":"https:\/\/pjak.net\/ku\/9507","title":{"rendered":"daxoyanya Navenda \u00e7apemen\u00ee \u00fb ragihandina (YRK)"},"content":{"rendered":"\n<p><strong>J\u0130 RAYA G\u0130\u015eT\u00ce \u00db GEL\u00ca ME Y\u00ca WELATPAR\u00caZ RE<\/strong><\/p>\n\n\n\n<p>Roja \u00cen\u00ea 05-05-1403 yan\u00ee 26-07-2024\u2019an dewleta dag\u00eerkera Tirk pi\u015ft\u00ee tevgereke z\u00eade ya ke\u015ffa hewayi, bi \u015fev si\u2019et 23:00 bi balefir\u00ean \u015fer s\u00ea caran her\u00eama \u201c<strong>Dukan\u00ee<\/strong>\u201d, \u201c<strong>Kan\u00ee gumehesp<\/strong>\u201d \u00fb \u201c<strong>Xez\u00eene<\/strong>\u201d y\u00ean ser bi gund\u00ea \u201c<strong>Gelale<\/strong>\u201d ya qezaya \u201c<strong>Mawet<\/strong>\u201d bombebaran kirin \u00fb di ecnam\u00ea de zerer \u00fb xisareke mezin gih\u00ee\u015ftandin rez \u00fb bax\u00e7e \u00fb zeviy\u00ean gel\u00ea me. Di w\u00ea bombebaran\u00ea de h\u00eaz\u00ean me \u00e7i zerer ned\u00eetin. L\u00ea di gel ziyan\u00ean z\u00eade y\u00ean ku ber zev\u00ee \u00fb bax\u00e7ey\u00ean gel ketine, eraziy\u00ea derdor j\u00ee hem\u00fb agir girtiye \u00fb ew agir heta niha j\u00ee berdewame.<\/p>\n\n\n\n<p>B\u00eaguman hedefa dewleta dag\u00eerker ya Tirk hem\u00fb zind\u00ee \u00fb xwaza \u00fb j\u00eengeha welat\u00ea me ye \u00fb div\u00ea hem\u00fb kes w\u00ea rastiy\u00ea bizane ku dijminatiya dewleta Tirk ji m\u00eajde ye di rex dijatiya beramber mirovan, xwaze \u00fb j\u00eengeh \u00fb hem\u00fb xwe\u015fik\u00eeya welat\u00ea me girtiye ber xwe. Ji Efr\u00een\u00ea \u00fb darzeyt\u00fbn\u00ean w\u00ea bigire heta bedewiya Behd\u00eenan, ji bazar\u00ean Hewl\u00ear \u00fb Kerk\u00fbk\u00ea bigire heta \u00e7iya \u00fb bax \u00fb bax\u00e7ey\u00ean Asos\u00ea dikine armanc. Em j\u00ee sond dixwen ku di gel xwaza \u00fb j\u00eengeha xwe \u00fb hem\u00fb zindiy\u00ean welat\u00ea xwe ber xwe bidin \u00fb t\u00eako\u015f\u00een bikin da ku bigih\u00eejin azadiy\u00ea \u00fb w\u00ea h\u00eaza kir\u00eat ya dewleta Tirk bin bixin \u00fb belaya w\u00ea ji ser\u00ea her\u00eam\u00ea vekin.<\/p>\n\n\n\n<p><strong>Silav \u00fb r\u00eaz\u00ean \u015fore\u015fger\u00ee<\/strong><\/p>\n\n\n\n<p><strong>2024-07-27<\/strong><\/p>\n\n\n\n<p><strong>Navenda \u00e7apemen\u00ee \u00fb ragihandina Yek\u00eeney\u00ean Rojhilat\u00ea Kurdistan\u00ea (YRK)<\/strong><\/p>\n","protected":false},"excerpt":{"rendered":"<p>J\u0130 RAYA G\u0130\u015eT\u00ce \u00db GEL\u00ca ME Y\u00ca WELATPAR\u00caZ RE Roja \u00cen\u00ea 05-05-1403 yan\u00ee 26-07-2024\u2019an dewleta dag\u00eerkera Tirk pi\u015ft\u00ee tevgereke z\u00eade ya ke\u015ffa hewayi, bi \u015fev si\u2019et 23:00 bi balefir\u00ean \u015fer s\u00ea caran her\u00eama \u201cDukan\u00ee\u201d, \u201cKan\u00ee gumehesp\u201d \u00fb \u201cXez\u00eene\u201d y\u00ean ser bi gund\u00ea \u201cGelale\u201d ya qezaya \u201cMawet\u201d bombebaran kirin \u00fb di ecnam\u00ea de zerer \u00fb xisareke [&hellip;]<\/p>\n","protected":false},"author":2,"featured_media":9342,"comment_status":"closed","ping_status":"open","sticky":false,"template":"","format":"standard","meta":{"_acf_changed":false,"footnotes":""},"categories":[4],"tags":[],"class_list":{"0":"post-9507","1":"post","2":"type-post","3":"status-publish","4":"format-standard","5":"has-post-thumbnail","7":"category-gotar"},"acf":[],"_links":{"self":[{"href":"https:\/\/pjak.net\/ku\/wp-json\/wp\/v2\/posts\/9507","targetHints":{"allow":["GET"]}}],"collection":[{"href":"https:\/\/pjak.net\/ku\/wp-json\/wp\/v2\/posts"}],"about":[{"href":"https:\/\/pjak.net\/ku\/wp-json\/wp\/v2\/types\/post"}],"author":[{"embeddable":true,"href":"https:\/\/pjak.net\/ku\/wp-json\/wp\/v2\/users\/2"}],"replies":[{"embeddable":true,"href":"https:\/\/pjak.net\/ku\/wp-json\/wp\/v2\/comments?post=9507"}],"version-history":[{"count":0,"href":"https:\/\/pjak.net\/ku\/wp-json\/wp\/v2\/posts\/9507\/revisions"}],"wp:featuredmedia":[{"embeddable":true,"href":"https:\/\/pjak.net\/ku\/wp-json\/wp\/v2\/media\/9342"}],"wp:attachment":[{"href":"https:\/\/pjak.net\/ku\/wp-json\/wp\/v2\/media?parent=9507"}],"wp:term":[{"taxonomy":"category","embeddable":true,"href":"https:\/\/pjak.net\/ku\/wp-json\/wp\/v2\/categories?post=9507"},{"taxonomy":"post_tag","embeddable":true,"href":"https:\/\/pjak.net\/ku\/wp-json\/wp\/v2\/tags?post=9507"}],"curies":[{"name":"wp","href":"https:\/\/api.w.org\/{rel}","templated":true}]}}