{"id":9503,"date":"2024-07-18T14:11:58","date_gmt":"2024-07-18T10:41:58","guid":{"rendered":"https:\/\/pjak.net\/?p=9503"},"modified":"2024-07-18T14:11:58","modified_gmt":"2024-07-18T10:41:58","slug":"ji-bo-heserokatiya-desteya-cibiciker-ya-reveberiya-xweser-a-bakur-u-rojhilte-suriyeye","status":"publish","type":"post","link":"https:\/\/pjak.net\/ku\/9503","title":{"rendered":"Ji bo heserokatiya desteya c\u00eebic\u00eeker ya R\u00eaveberiya xweser a Bak\u00fbr \u00fb Rojhilt\u00ea S\u00fbriyey\u00ea"},"content":{"rendered":"\n<p><strong>Ji bo heserokatiya desteya c\u00eebic\u00eeker ya R\u00eaveberiya xweser a Bak\u00fbr \u00fb Rojhilt\u00ea S\u00fbriyey\u00ea<\/strong><\/p>\n\n\n\n<p>Heval\u00ean h\u00eaja<\/p>\n\n\n\n<p>Em 12\u2019\u00een salvegera destp\u00eak kirina \u015fore\u015fa gelan li Rojava \u00fb Bak\u00fbr \u00fb Rojhilat\u00ea S\u00fbriyey\u00ea li we \u00fb hem\u00fb gel\u00ea her\u00eam\u00ea p\u00eeroz dikin. Ew \u015fore\u015f b\u00fb sembol \u00fb ilhama azad\u00eexwaz\u00ee \u00fb jiyana hevbe\u015f \u00fb demokrat\u00eek a gelan. Niha neteweya demokrat\u00eek rojeveke ri\u015ft \u00fb ciddiye ji bo jiyana hem\u00fb gelan di her\u00eam\u00ea de. Gelek berd\u00eal ji w\u00ea \u015fore\u015f\u00ea re hatin dayin \u00fb ew r\u00eabaz b\u00fb \u00e7ir\u00fbskek ji bo mirovahiy\u00ea. Em bi r\u00eazdar\u00ee hem\u00fb \u015feh\u00eed\u00ean mezin y\u00ean YPG, YPJ \u00fb HSD \u00fb hem\u00fb h\u00eaz\u00ean par\u00eazvan\u00ean v\u00ea \u015fore\u015f\u00ea bi b\u00eer t\u00eenin \u00fb silav \u00fb r\u00eaz\u00ean xwe p\u00ea\u015fk\u00ea\u015f\u00ee kedkar \u00fb karbidest\u00ean w\u00ea \u015fore\u015f\u00ea dikin.<\/p>\n\n\n\n<p>Em h\u00eav\u00eedarin ku&nbsp; \u00e7awa gel\u00ea me ew \u015fore\u015f kirin h\u00eaviyek ji bo mirovahiy\u00ea, h\u00fbn j\u00ee wisa di parastina w\u00ea beramber \u00eari\u015f\u00ean teror\u00eest\u00ee \u00fb fa\u015f\u00eest\u00ee de serket\u00ee bin. Em dilniya ne ku \u00e7awa berxwedana we berbamber DA\u0130\u015e\u2019\u00ea b\u00fb m\u00eenakeke d\u00eerok\u00ee, berxwedana we beramber \u00eari\u015f\u00ean Fa\u015f\u00eest\u00ee y\u00ea Tirkiyeya pi\u015ftevana DA\u0130\u015e\u2019\u00ea j\u00ee d\u00ea bibe r\u00fbmetek d\u00eerok\u00ee ji bo hemu azadixwaz\u00ean c\u00eehan\u00ea. H\u00eaviya me \u00fb hem\u00fb dilsoz\u00ean w\u00ea \u015fore\u015f\u00ea ewe ku di p\u00eakan\u00eena jiyaneke hevbe\u015f \u00fb azad \u00fb demokrat\u00eek \u00fb ekoloj\u00eek de j\u00ee serket\u00ee bin \u00fb bigih\u00eejin armanc\u00ean xwe.<\/p>\n\n\n\n<p>\u015eanaz \u00fb serfiraz \u00fb serket\u00ee bin<\/p>\n\n\n\n<p><strong>2024-07-18<\/strong><\/p>\n\n\n\n<p><strong>Hevserokatiya Partiya Jiyana Azad a Kurdistan\u00ea (PJAK)<\/strong><\/p>\n","protected":false},"excerpt":{"rendered":"<p>Ji bo heserokatiya desteya c\u00eebic\u00eeker ya R\u00eaveberiya xweser a Bak\u00fbr \u00fb Rojhilt\u00ea S\u00fbriyey\u00ea Heval\u00ean h\u00eaja Em 12\u2019\u00een salvegera destp\u00eak kirina \u015fore\u015fa gelan li Rojava \u00fb Bak\u00fbr \u00fb Rojhilat\u00ea S\u00fbriyey\u00ea li we \u00fb hem\u00fb gel\u00ea her\u00eam\u00ea p\u00eeroz dikin. Ew \u015fore\u015f b\u00fb sembol \u00fb ilhama azad\u00eexwaz\u00ee \u00fb jiyana hevbe\u015f \u00fb demokrat\u00eek a gelan. Niha neteweya demokrat\u00eek rojeveke [&hellip;]<\/p>\n","protected":false},"author":2,"featured_media":9504,"comment_status":"closed","ping_status":"open","sticky":false,"template":"","format":"standard","meta":{"_acf_changed":false,"footnotes":""},"categories":[4],"tags":[],"class_list":{"0":"post-9503","1":"post","2":"type-post","3":"status-publish","4":"format-standard","5":"has-post-thumbnail","7":"category-gotar"},"acf":[],"_links":{"self":[{"href":"https:\/\/pjak.net\/ku\/wp-json\/wp\/v2\/posts\/9503","targetHints":{"allow":["GET"]}}],"collection":[{"href":"https:\/\/pjak.net\/ku\/wp-json\/wp\/v2\/posts"}],"about":[{"href":"https:\/\/pjak.net\/ku\/wp-json\/wp\/v2\/types\/post"}],"author":[{"embeddable":true,"href":"https:\/\/pjak.net\/ku\/wp-json\/wp\/v2\/users\/2"}],"replies":[{"embeddable":true,"href":"https:\/\/pjak.net\/ku\/wp-json\/wp\/v2\/comments?post=9503"}],"version-history":[{"count":0,"href":"https:\/\/pjak.net\/ku\/wp-json\/wp\/v2\/posts\/9503\/revisions"}],"wp:featuredmedia":[{"embeddable":true,"href":"https:\/\/pjak.net\/ku\/wp-json\/wp\/v2\/media\/9504"}],"wp:attachment":[{"href":"https:\/\/pjak.net\/ku\/wp-json\/wp\/v2\/media?parent=9503"}],"wp:term":[{"taxonomy":"category","embeddable":true,"href":"https:\/\/pjak.net\/ku\/wp-json\/wp\/v2\/categories?post=9503"},{"taxonomy":"post_tag","embeddable":true,"href":"https:\/\/pjak.net\/ku\/wp-json\/wp\/v2\/tags?post=9503"}],"curies":[{"name":"wp","href":"https:\/\/api.w.org\/{rel}","templated":true}]}}