{"id":6451,"date":"2020-08-15T08:38:48","date_gmt":"2020-08-15T05:38:48","guid":{"rendered":"https:\/\/pjak.eu\/ku\/?p=6451"},"modified":"2020-08-15T08:38:48","modified_gmt":"2020-08-15T05:38:48","slug":"kcr-dem-dema-gerillatiye","status":"publish","type":"post","link":"https:\/\/pjak.net\/ku\/6451","title":{"rendered":"KCR: DEM DEMA GER\u00ceLLAT\u0130YE"},"content":{"rendered":"<p style=\"text-align: left\">\u00a0\u00a0\u00a0\u00a0\u00a0\u00a0\u00a0\u00a0\u00a0\u00a0\u00a0\u00a0\u00a0\u00a0\u00a0\u00a0\u00a0\u00a0\u00a0\u00a0\u00a0\u00a0\u00a0\u00a0\u00a0\u00a0\u00a0\u00a0\u00a0\u00a0\u00a0\u00a0\u00a0\u00a0\u00a0\u00a0\u00a0\u00a0\u00a0\u00a0\u00a0\u00a0\u00a0\u00a0\u00a0\u00a0\u00a0\u00a0 <strong>BO RAYA G\u0130\u015eT\u00ce<\/strong><\/p>\n<p style=\"text-align: left\"><strong>\u00a0 \u00a0 \u00a0 \u00a0 \u00a0 \u00a0 \u00a0 \u00a0 \u00a0 \u00a0 \u00a0 \u00a0 \u00a0 \u00a0 \u00a0 \u00a0 \u00a0\u00a0<\/strong>\u00a0\u00a0\u00a0\u00a0 Destp\u00eak\u00ea em wek KCR( <strong>komalgeh\u00ee ciwanan\u00ee rojhilat\u00ee kurdistan<\/strong>) 37 salvegera cejna vej\u00een \u00fb berxwedan\u00ea, p\u00eangava 15 \u00ea t\u00eabax \u00ea li r\u00eaber Apo, \u015feh\u00eed\u00ean \u015fore\u015fa kurdistan\u00ea, gel\u00ea me y\u00ea welatpar\u00eaz \u00fb hem\u00fb heval\u00ean k\u00fb li \u00e7ar par\u00e7ey\u00ean kurdistan\u00ea di nav \u00e7eperandene \u00fb li hember dijmin\u00ea fa\u015f\u00eest \u00fb qirker di nav berxwedaniy\u00eadene, piroz dikin. Taybet j\u00ee gerillay\u00ean k\u00fb li war\u00ea fermandar\u00a0 Eg\u00eet li heften\u00een\u00ea di nav berxwedana cenga heften\u00een\u00eadene p\u00eeroz dikin.<\/p>\n<p style=\"text-align: left\">\u00a0\u00a0\u00a0 Di serdemeke k\u00fb dijmin\u00ea kirker \u00fb fa\u015f\u00eest heb\u00fbna gel\u00ea kurd, bi hem\u00fb away\u00ee t\u00fbne di hesiband \u00fb ketib\u00fb nav xeyal\u00ean k\u00fb w\u00ea t\u00fb car\u00ee kes behsa heb\u00fbna gel\u00ea kurd neke, teko\u015f\u00eena bi r\u00eabertiya R\u00eaber Apo li kurdistan\u00ea belav b\u00fb \u00fb di 15 \u00ea tebax a 1984 de bi fermandariya heval Eg\u00eet ( Mahs\u00fbm Korkmaz) fi\u015feka yekem\u00een li hember art\u00ea\u015fa dagirker ya rej\u00eema qirker \u00fb fa\u015f\u00eest a tirk hat tekandin. Ev \u00a0f\u00ee\u015feka k\u00fb destp\u00eak\u00ea li botan\u00ea li hember neyar\u00ea xw\u00eenxwar hat teqandin, bi qas\u00ee k\u00fb di bak\u00fbr\u00ea kurdistan\u00eade gel\u00ea kurd hi\u015fyar kir \u00fb carek din ji xewa mirin\u00ea hi\u015fyar kir, di heman dem\u00eade wek ronahiyeke k\u00fb\u00a0 \u015fewqa xwe bide \u00e7ar aliy\u00ea wel\u00eat, tijka v\u00ea ronahiy\u00ea li rojhilat\u00ea kurdistan\u00ea ron\u00ee da \u00fb gel\u00ea me y\u00ea rojhilat\u00ea kurdistan\u00ea j\u00ee ron\u00ee kir.\u00a0 Bi v\u00ea ronahiy\u00eare destp\u00eak\u00ea ciwanan \u00fb jinan ber\u00ea xwe dan ber bi ref\u00ean berxwedan\u00ea \u00fb me\u015fiyan.<\/p>\n<p style=\"text-align: left\">\u00a0\u00a0\u00a0\u00a0\u00a0 Ciwan\u00ean rojhilat\u00ea kurdistan\u00ea di bin ronah\u00ee \u00fb felsefeya R\u00eaber Apo de \u00fb bi h\u00eazgirtina ji p\u00eangava 15 \u00ea tebax\u00ea, teko\u015f\u00eena k\u00fb li hember rejima dagirker, qirker \u00fb fa\u015fist ya \u00eeran\u00ea dikirin, di 15 \u00ea tebax a sala 2006 an de xwe\u00a0 bi r\u00eaxistin kirin \u00fb yekem\u00een konferansa xwe, KCR( komalgeh\u00ee ciwanan\u00ee rojhilat\u00ee kurdistan) \u00a0ava kirin. Bi v\u00ea boney\u00ea em\u00a0 15. salvegera avabuna tevgera ciwan\u00ean apoy\u00ee KCR li R\u00eaber Apo, \u015feh\u00eed\u00ean \u015fore\u015f\u00ea, malbat\u00ean \u015feh\u00eedan \u00fb hem\u00fb jin \u00fb ciwan\u00ean rojhilat\u00ea kurdistan\u00ea p\u00eeroz dikin. Soza bi serxistina armanca \u015feh\u00eed\u00ean \u015fore\u015f\u00ea dubare dikin.<\/p>\n<p style=\"text-align: left\">\u00a0\u00a0\u00a0\u00a0\u00a0\u00a0\u00a0 Wek t\u00ea zan\u00een rej\u00eema dagirker, qirker \u00fb fa\u015f\u00eest ya \u00eeran\u00ea, bi salane li ser qirkirin \u00fb t\u00fbnekirina gel\u00ea k\u00fbrd \u00fb gel\u00ea \u00eeran\u00ea heb\u00fbna xwe berdewam dike. Li hember pol\u00eetikay\u00ean dijmin y\u00ean dagirkeriy\u00ea \u00fb qirkirin\u00ea, ciwan\u00ean Apoy\u00ee di rojhilat\u00ea kurdistan\u00eade xelekek berxwedan\u00ea avakirin. Ev xeleka berxwedan\u00ea ji fi\u015feka yekem\u00een a fermandar Egit destp\u00eadike \u00fb heta \u00eero berdewam dike. Di nav v\u00ea xeleka berxwedan\u00eade bi dehan r\u00eaheval\u00ean me gehi\u015ftin asta \u015fahadet\u00ea. Bi v\u00ea boney\u00ea di \u015fexs\u00ea \u015feh\u00eede yek\u00eem\u00een y\u00ea tevgera ciwan\u00ean Apoy\u00ee y\u00ea rojhilat\u00ea kurdistan\u00ea \u015f. H\u00ear\u00ee\u015f Karzan de hem\u00fb \u015feh\u00eed\u00ean \u015fore\u015fa kurdistan\u00ea bi b\u00eer t\u00eenin. Her weha p\u00ea\u015feng\u00ean tevgera jin\u00ean ciwan y\u00ean, Apoy\u00ee y\u00ean rojhilat\u00ea kurdistan\u00ea r\u00eaheval Fera\u015f\u00een C\u00eelbako \u00fb Madora Azad bi b\u00eer t\u00eenin \u00fb soza xwe li hember wan dubare dikin.<\/p>\n<p style=\"text-align: left\">\u00a0\u00a0\u00a0\u00a0\u00a0\u00a0 Dijmin\u00ean me y\u00ean k\u00fb kurdistan xistin \u00e7ar par\u00e7e \u00fb li ser her par\u00e7eyek\u00ee bi armanca tinekirin \u00fb qirkirin\u00ea cur be cur polit\u00eekayan di me\u015f\u00eenin. L\u00ea bel\u00ea di armanca tunekirin \u00fb qirkirina gel\u00ea kurd de hevbe\u015f kar dikin. Neha dijmin li \u00e7ar par\u00e7ey\u00ea kurdistan\u00ea j\u00ee wek ber\u00ea ne bi h\u00eaze \u00fb di nav xwede b\u00eahna riz\u00eeb\u00fbn\u00ea p\u00ea ketiye. L\u00ea d\u00eesan j\u00ee \u00a0ji armanca xwe ya tunekirin \u00fb qirkirin\u00ea nehatine xwar. Di xwazin di sedsala 21\u2019 in deji kurdistan\u00ea di bin serweriya xwede bi h\u00ealin.\u00a0 Bi v\u00ea armanc\u00ea hem di aliy\u00ea le\u015fker\u00eede welat\u00ea me dagir dikin, talan dikin \u00fb hem j\u00ee bi r\u00eaya \u015fer\u00ea taybet, qirkirina \u00e7and\u00ee, qirkina erdingar\u00ee, qirkirina abor\u00ee, qirkirina civak\u00ee, tecavuz\u00ea( destdir\u00eaj\u00ee) di xwazin civaka me tune bikin.<\/p>\n<p style=\"text-align: left\">\u00a0\u00a0\u00a0\u00a0\u00a0 Rejima dagirker, qirker \u00fb fa\u015fist ya \u00eeran\u00ea di van pol\u00eetiy\u00ean xwede bi dagirkeriya Tirkiy\u00ea, S\u00fcriye \u00fb \u0130raq\u00ea re hevbe\u015f tevdigere \u00fb bi \u015f\u00eawazek\u00ee her\u00ee hovane van pol\u00eetiyan bi p\u00eak t\u00eene. \u00car\u00ee\u015f\u00ean k\u00fb li ser jin, ciwan \u00fb bi tevah\u00ee civak\u00ea dike di nav v\u00ea p\u0131lan\u00eade p\u00eak t\u00ean.<\/p>\n<p style=\"text-align: left\">\u00a0\u00a0\u00a0\u00a0\u00a0 Di asta \u00e7ar par\u00e7ey\u00ean kurdistan\u00eade y\u00ean k\u00fb li hember van pol\u00eetikay\u00ean dijmin li ber xwe dide \u00fb di nav hewldana valaderxistina van pol\u00eet\u00eekay\u00ean dijmindeye, tevgera Apoy\u00ee ye. Tevgera Apoy\u00ee civak\u00ea, jinan \u00fb ciwanan hi\u015fyar dike, dixe \u00eerade, \u00fb dixe h\u00eaz. D\u00eesan \u00a0\u00a0ger\u00eellay\u00ea kurdistan\u00ea j\u00ee her cure \u00ear\u00ee\u015fen dijmin vala derdixe \u00fb welat\u00ea me li hember dijminan di par\u00eaze. Dijmin j\u00ee ji v\u00ea rastiy\u00ea tevdigere \u00fb \u00ear\u00ee\u015f\u00ean xwe y\u00ean her\u00ee mezin destp\u00eak\u00ea li ser R\u00eaber Apo, ger\u00eellay\u00ea kurdistan\u00ea, xeta azadiya jin \u00fb ciwanan dike. Li hember R\u00eaber Apo tecr\u00eed\u00ea di me\u015fine, \u00ee\u015fkencey\u00ea \u00fb b\u00eadengkirin\u00ea dike, li hember gerillay\u00ea kurdistan\u00ea ku di \u00e7ar par\u00e7ey\u00ea kurdistan\u00eade heb\u00fbna gel\u00ea kurd di par\u00eaze, operasyon\u00ean t\u00fbnekirin\u00ea dide me\u015fandin, li hember xeta azadiya jin a ku di cihan\u00eade wek \u00eedeolojiya azadiy\u00ea t\u00ea naskirin, politikay\u00ean tecavuz\u00ea t\u00ean p\u00ea\u015fxisti \u00fb li hember ciwanan k\u00fb p\u00ea\u015feng\u00ea avakirina civaka azadin, politikay\u00ean b\u00ea \u00eeradekirin, s\u00eadarekirin, m\u00fbhtadkirin, ko\u00e7berkirin, b\u00ea haviza hi\u015ftin \u00fb ji civak\u00ea durxistin bi p\u00ea\u015f dixin.<\/p>\n<p style=\"text-align: left\">\u00a0\u00a0\u00a0\u00a0\u00a0\u00a0\u00a0 Ciwan\u00ean welatpar\u00eaz \u00fb \u015fore\u015fger;<\/p>\n<p style=\"text-align: left\">\u00a0 \u00a0\u00a0\u00a0\u00a0\u00a0Wek KCR li hember van pol\u00eetikay\u00ean dijmin bi salana teko\u015f\u00eena me berdewam dike. Di v\u00ea p\u00eavajoya teko\u015f\u00een\u00eade bi hezaran r\u00eaheval\u00ean me tevl\u00ee nav ref\u00ean teko\u015f\u00een\u00ea b\u00fbn. Gelek heval j\u00ee gehi\u015ftin asta \u015fehadet\u00ea. L\u00ea bel\u00ea ji \u015e. H\u00ear\u00ee\u015f heta Fara\u015f\u00een \u00fb Madorayan, ji \u015e. \u00c7alak heta \u015e. H\u00eaminan \u00fb \u015e. Ders\u00eem an\u00a0 ji \u015e. Zal heta \u015e. Dilovan \u00fb \u015e. Derw\u00ea\u015f an xeleka berxwedan\u00ea her berfireh kirin \u00fb ala teko\u015f\u00eena azadiy\u00ea her bilind hi\u015ftin. Ev ji mere bu wek m\u00eerasek\u00ee k\u00fb em bikaribin bi salan teko\u015f\u00eena xwe li ser bi me\u015f\u00eenin. ew b\u00fbn p\u00ea\u015feng\u00ea \u015fore\u015fa me.<\/p>\n<p style=\"text-align: left\">\u00a0\u00a0\u00a0\u00a0\u00a0\u00a0 Sedema k\u00fb dijmin ev heval\u00ean me \u015feh\u00eed xistin, ger\u00eellab\u00fby\u00een b\u00fb. Ji ber k\u00fb bi buy\u00eena ger\u00eellatiy\u00ea van hevalan ser\u00ee li hember dijmin rakirin \u00fb bi cesaret, bi fedakert\u00ee \u00fb bi feday\u00ee li hember dijmin teko\u015f\u00een kirin. heger li hember dijmin teko\u015f\u00een nebane, w\u00ea dem\u00ea w\u00ea \u015fahadet j\u00ee nebane. Heger \u015fahadet nebane, w\u00ea kesek\u00ee ne behsa azadiy\u00ea kiribane \u00fb nej\u00ee behsa kurdistan\u00ea kiribane. Y\u00ea k\u00fb di h\u00eale k\u00fb peyva azadiy\u00ea \u00fb kurdistan\u00ea zind\u00ee bi m\u00eene ger\u00eellay\u00ea kurdistan\u00eaye. Ji ber v\u00ea yek\u00ea j\u00ee dijmin\u00ea me her li kur dibe bila bibe, \u00ear\u00ee\u015f\u00ean xwe bi \u015f\u00eawazek\u00ee her\u00ee dijwar bi ser ger\u00eellade dibe. L\u00ea bel\u00ea heta neha nekariye ger\u00eellay\u00ea kurdistan\u00ea t\u00eak bibe. \u00cero li \u00e7ar par\u00e7ey\u00ea kurdistan\u00ea ger\u00eella buye sembola teko\u015f\u00eena li hember dagirker\u00ee, qirkirin \u00fb t\u00fbnekirin\u00ea. Ger\u00eellay\u00ea kurdistan\u00ea li hember h\u00eaz\u00ean dagirker, qirker \u00fb fa\u015f\u00eest buye, parazvan\u00ea xak, kerem, rumet \u00fb nam\u00fbsa gel\u00ea kurd. \u00a0Heger ger\u00eellay\u00ea kurdistan\u00ea b\u00ea t\u00fbnekirin w\u00ea dem\u00ea dagirker\u00ee, qirkirin \u00fb zihniyeta fa\u015fist \u00fb zilamsalar w\u00ea her li ser kurdistan\u00ea \u00fb c\u00eehan\u00ea zind\u00ee bi m\u00eene \u00fb\u00a0 hem\u00fb nirx\u00ean me di ber qirkirin\u00ea re derbas bikin.<\/p>\n<p style=\"text-align: left\">\u00a0\u00a0\u00a0\u00a0\u00a0\u00a0 Di rojhilat\u00ea kurdistan\u00ea dej\u00ee ger\u00eellay\u00ea kurdistan\u00ea ji Mako heya \u0130lam\u00ea, li hember\u00ee\u00a0 rej\u00eema dagirker, qirker \u00fb fa\u015fist ya \u00eeran\u00ea di nav berxwedan\u00eadene \u00fb kerameta gel\u00ea kurd di\u00a0 par\u00eazin. Her weha h\u00eaviy\u00ean azadiy\u00ea \u00fb rizgariy\u00ea \u015f\u00een dikin \u00fb p\u00eak t\u00eenin. Xewen \u00fb xeyal\u00ean jinan \u00fb ciwanan bi buy\u00eena ger\u00eellatiy\u00ea zind\u00ee dim\u00eenin.<\/p>\n<p style=\"text-align: left\">\u00a0\u00a0\u00a0\u00a0\u00a0 Ciwan\u00ean Welatpar\u00eaz \u00fb \u015eore\u015fger;<\/p>\n<p style=\"text-align: left\">\u00a0 Wek KCR li ser v\u00ee esas\u00ee di 15\u2019hem\u00een salvegera damezrandin\u00ea de em p\u00eangava tevl\u00eeb\u00fbna nav ref\u00ean ger\u00eella dest p\u00eadikin. Bi dir\u00fb\u015fma \u201cDEM DEMA GER\u00ceLLAT\u0130YE\u201d bang\u00ee her ciwanek\u00ee welatpar\u00eaz \u00fb \u015fore\u015fger dikin k\u00fb \u00ead\u00ee p\u00eaw\u00eeste li hember dagirker\u00ee, tecavuz \u00fb b\u00ea \u00eeradekirin\u00ea ber\u00ea xwe bidin nav ref\u00ean ger\u00eella \u00fb li hember dijmin\u00ea xw\u00een xwar \u00fb kujer civaka xwe \u00fb welat\u00ea xwe bi par\u00eazin.<\/p>\n<p style=\"text-align: left\">\u00a0\u00a0\u00a0\u00a0\u00a0 Di rojhilat\u00ea kurdistan\u00ea \u00fb \u00eeran\u00ea de r\u00eaya serkeftin \u00fb \u015fore\u015f\u00ea ger\u00eellab\u00fby\u00eene. Ger\u00eellabuy\u00een asta p\u00eevan\u00ea \u015fore\u015fgertiy\u00ea bilind dike \u00fb dijmin di lerz\u00eene. Ger\u00eellabuy\u00een azadiya xwe, \u015fore\u015fa xwe bi xwe p\u00eak an\u00eene. Ciwan\u00ean zaningehan, dibiristanan, ciwan\u00ean karker \u00fb b\u00eakar bi buy\u00eena gerilla dikarin p\u00ea\u015fengtiya \u015fore\u015fa rojhilat\u00ea kurdistan\u00ea \u00fb \u00eeran\u00ea bikin. Ciwan\u00ean k\u00fb tevl\u00ee nav ref\u00ean ger\u00eella bibin, dibin xwed\u00ee rumet \u00fb kerameta kurdistan\u00ea.<\/p>\n<p style=\"text-align: left\">\u00a0\u00a0\u00a0\u00a0\u00a0 Banga me ji ciwan\u00ean zaningeh, dibiristan, karker \u00fb b\u00eakar ewe ku, di nav ref\u00ean berxwedan\u00eade cih\u00ea xwe bigrin \u00fb bibin h\u00eaz\u00ean par\u00eazvan\u00ea xaka xwe. Dijmin ten\u00ea bi mezinhinkirina h\u00eaza ger\u00eella t\u00ea t\u00eakbirin.<\/p>\n<p style=\"text-align: left\">\u00a0\u00a0\u00a0\u00a0\u00a0\u00a0 Wek t\u00ea zan\u00een di kurdistan \u00fb \u00eeran\u00ea de berpirs\u00ean her \u00ear\u00ee\u015feke k\u00fb li hember jinan, ciwan \u00fb bi gi\u015ft\u00ee civak\u00ea \u00a0\u00a0p\u00eak t\u00ea, li pi\u015ft w\u00ea h\u00eaz\u00ean \u00e7ekdar y\u00ea \u00eeran\u00ea hene. Di heman dem\u00eade h\u00eaz\u00ean \u00e7ekdar y\u00ea \u00eeran\u00ea b\u00fbne bingeh\u00ea dagirkirin, talankirin \u00fb qirkirina kurdistan\u00ea. Ev h\u00eaz\u00ean \u00e7ekdar wek mafya tevdigerin \u00fb li hember gel\u00ea kurd \u00fb gel\u00ea \u00eeran\u00ea di nav \u00ear\u00ee\u015fandene \u00fb her daxwaz \u00fb hewldana azadiya civak\u00ea bi h\u00eaza xwe ya \u00e7ekdar bi kar t\u00eenin. Ev h\u00eaz dij civak\u00eane. \u00a0di kurdistan\u00eade ev h\u00eaz\u00ean \u00e7ekdar dagirkere \u00fb di \u00eeran\u00eade j\u00ee ev h\u00eaz\u00ean \u00e7ekdar\u00a0 par\u00eazvan\u00ean rejima fa\u015f\u00eest \u00fb s\u00eadareyene. \u00a0\u00a0\u00a0\u00a0 \u00a0Ji ber v\u00ea yek\u00ea bangawaziya me ji hem\u00fb ciwan\u00ean kurdistan\u00ea \u00fb \u00eeran\u00ea ewe k\u00fb ne\u00e7in xizmet\u00ee h\u00eaz\u00ean \u00e7ekdar nekin, li hember\u00ee v\u00ea tevl\u00ee nav ref\u00ean ger\u00eella bibin \u00fb berey\u00ea \u015fore\u015f\u00ea bi h\u00eaz bikin.<\/p>\n<p style=\"text-align: left\">\n<p style=\"text-align: left\">\n<p style=\"text-align: left\">\u00a0\u00a0\u00a0\u00a0\u00a0\u00a0 \u00a0Ger\u00eellabuy\u00een, tolhildana bi sedan sale dijmin\u00ea ku wek gurek\u00ee har li ser axa me di kuz\u00eene \u00fb welat\u00ea me xistiye w\u00earan!<\/p>\n<p style=\"text-align: left\">\u00a0\u00a0\u00a0\u00a0\u00a0\u00a0\u00a0\u00a0 Ger\u00eellabuy\u00een, tolhildana zarok \u00fb jin\u00ean k\u00fb t\u00ean tecavuzkirin \u00fb t\u00ean qirkirin e!<\/p>\n<p style=\"text-align: left\">\u00a0\u00a0\u00a0\u00a0\u00a0\u00a0\u00a0\u00a0 Ger\u00eellabuy\u00een, tolhildana zarok\u00ean kolber k\u00fb li ser s\u00eenoran t\u00ean qetilkirin e !<\/p>\n<p style=\"text-align: left\">\u00a0\u00a0\u00a0\u00a0\u00a0\u00a0\u00a0\u00a0\u00a0 Ger\u00eellabuy\u00een,\u00a0 tolhildana bi hezaran ciwan\u00ean ku hatine s\u00eadarekirin e.<\/p>\n<p style=\"text-align: left\">\u00a0\u00a0\u00a0\u00a0\u00a0\u00a0\u00a0\u00a0\u00a0 Ger\u00eellabuy\u00een r\u00eaya azadiya kurdistan\u00ea ye!<\/p>\n<p style=\"text-align: left\">\u00a0\u00a0\u00a0\u00a0\u00a0\u00a0\u00a0\u00a0\u00a0\u00a0 DEM DEMA GER\u00ceLLAT\u0130YE, DEM DEMA AZAD\u0130Y\u00ca YE!<\/p>\n<p style=\"text-align: left\">\n<p style=\"text-align: left\">\u00a0\u00a0\u00a0\u00a0 <strong>KOORD\u0130NASYONA KOMALGAH\u00ce C\u0130WANAN\u00ce ROJH\u0130LAT\u00ca KURD\u0130STAN (KCR)<\/strong><strong>\u00a0\u00a0\u00a0\u00a0\u00a0\u00a0\u00a0\u00a0\u00a0\u00a0\u00a0\u00a0\u00a0\u00a0\u00a0\u00a0\u00a0\u00a0\u00a0\u00a0\u00a0\u00a0\u00a0\u00a0\u00a0\u00a0\u00a0\u00a0\u00a0\u00a0\u00a0\u00a0\u00a0\u00a0\u00a0\u00a0\u00a0\u00a0\u00a0\u00a0\u00a0\u00a0\u00a0\u00a0\u00a0\u00a0\u00a0\u00a0\u00a0\u00a0\u00a0\u00a0\u00a0 15 \/08\/2020<\/strong><\/p>\n<p style=\"text-align: left\"><strong>\u00a0\u00a0\u00a0\u00a0\u00a0\u00a0\u00a0 <\/strong><\/p>\n<p style=\"text-align: left\">\n<p style=\"text-align: left\">\n","protected":false},"excerpt":{"rendered":"<p>\u00a0\u00a0\u00a0\u00a0\u00a0\u00a0\u00a0\u00a0\u00a0\u00a0\u00a0\u00a0\u00a0\u00a0\u00a0\u00a0\u00a0\u00a0\u00a0\u00a0\u00a0\u00a0\u00a0\u00a0\u00a0\u00a0\u00a0\u00a0\u00a0\u00a0\u00a0\u00a0\u00a0\u00a0\u00a0\u00a0\u00a0\u00a0\u00a0\u00a0\u00a0\u00a0\u00a0\u00a0\u00a0\u00a0\u00a0\u00a0 BO RAYA G\u0130\u015eT\u00ce \u00a0 \u00a0 \u00a0 \u00a0 \u00a0 \u00a0 \u00a0 \u00a0 \u00a0 \u00a0 \u00a0 \u00a0 \u00a0 \u00a0 \u00a0 \u00a0 \u00a0\u00a0\u00a0\u00a0\u00a0\u00a0 Destp\u00eak\u00ea em wek KCR( komalgeh\u00ee ciwanan\u00ee rojhilat\u00ee kurdistan) 37 salvegera cejna vej\u00een \u00fb berxwedan\u00ea, p\u00eangava 15 \u00ea t\u00eabax \u00ea li r\u00eaber Apo, \u015feh\u00eed\u00ean \u015fore\u015fa kurdistan\u00ea, gel\u00ea me y\u00ea welatpar\u00eaz \u00fb hem\u00fb heval\u00ean k\u00fb li [&hellip;]<\/p>\n","protected":false},"author":1,"featured_media":6452,"comment_status":"open","ping_status":"open","sticky":false,"template":"","format":"standard","meta":{"_acf_changed":false,"footnotes":""},"categories":[4],"tags":[],"class_list":{"0":"post-6451","1":"post","2":"type-post","3":"status-publish","4":"format-standard","5":"has-post-thumbnail","7":"category-gotar"},"acf":[],"_links":{"self":[{"href":"https:\/\/pjak.net\/ku\/wp-json\/wp\/v2\/posts\/6451","targetHints":{"allow":["GET"]}}],"collection":[{"href":"https:\/\/pjak.net\/ku\/wp-json\/wp\/v2\/posts"}],"about":[{"href":"https:\/\/pjak.net\/ku\/wp-json\/wp\/v2\/types\/post"}],"author":[{"embeddable":true,"href":"https:\/\/pjak.net\/ku\/wp-json\/wp\/v2\/users\/1"}],"replies":[{"embeddable":true,"href":"https:\/\/pjak.net\/ku\/wp-json\/wp\/v2\/comments?post=6451"}],"version-history":[{"count":0,"href":"https:\/\/pjak.net\/ku\/wp-json\/wp\/v2\/posts\/6451\/revisions"}],"wp:featuredmedia":[{"embeddable":true,"href":"https:\/\/pjak.net\/ku\/wp-json\/"}],"wp:attachment":[{"href":"https:\/\/pjak.net\/ku\/wp-json\/wp\/v2\/media?parent=6451"}],"wp:term":[{"taxonomy":"category","embeddable":true,"href":"https:\/\/pjak.net\/ku\/wp-json\/wp\/v2\/categories?post=6451"},{"taxonomy":"post_tag","embeddable":true,"href":"https:\/\/pjak.net\/ku\/wp-json\/wp\/v2\/tags?post=6451"}],"curies":[{"name":"wp","href":"https:\/\/api.w.org\/{rel}","templated":true}]}}