{"id":5529,"date":"2019-05-05T10:13:28","date_gmt":"2019-05-05T08:13:28","guid":{"rendered":"http:\/\/pjak.eu\/ku\/?p=5529"},"modified":"2025-04-21T00:00:41","modified_gmt":"2025-04-20T20:30:41","slug":"hpj-sopdare-sehiden-meha-gulane-ye","status":"publish","type":"post","link":"https:\/\/pjak.net\/ku\/5529","title":{"rendered":"HPJ \u015eOPDAR\u00ca \u015eEH\u00ceD\u00caN MEHA GULAN\u2019\u00ca YE"},"content":{"rendered":"<p>Di d\u00eerok\u00ea de her tim li hember\u00ea \u00a0dagirkeriy\u00ea, \u00a0berxwed\u00eariya mirovatiy\u00ea j\u00ee \u00e7\u00eab\u00fbye.\u00a0 Di roja me ya \u00eero de j\u00ee li hember dagirkeriya ku dixwaze gel\u00ea Kurd tune bike berxwedaniyek mezin p\u00eak t\u00ea.\u00a0 \u00a0Ew mil\u00eetanin \u00a0ku ji bo teko\u015f\u00eena azadiy\u00ea bilind bikin,\u00a0 jiyaneke bi ar jiyan bikin \u00fb bidin jiyandin\u00a0 \u00fb di v\u00ea oxir\u00ea de bibin l\u00eager\u00eenvan\u00ea heq\u00eeqet\u00ea\u00a0 di asta l\u00fbtkey\u00eade \u015fer dikin. \u00a0\u00a0Li hember \u00ear\u00ee\u015f\u00ean dagirkeriy\u00ea y\u00ean li ser R\u00eabert\u00ee, gel\u00ea Kurd \u00fb KurdistanC\u00ea gelek qehreman bi teko\u015f\u00eenek mezin berxwedan\u00ee kirin.<\/p>\n<p>Di nava teko\u015f\u00eena azadiy\u00ea de xebat\u00ean Rojhilat \u00ea Kurdistan\u2019\u00ea\u00a0 xwed\u00ee gir\u00eengiyek mezin e.\u00a0 Di xeta R\u00eaber Apo de\u00a0 bi sedan heval di v\u00ea oxir\u00ea de b\u00fbn feda\u00ee.\u00a0 War\u00ea Egid, Akif, Man\u00ee, Z\u00eelan Pep\u00fble, \u015eirin Elemh\u00fbli, Z\u00eelan Serde\u015ftan \u00a0di hem\u00fb aliy\u00ean xwe de b\u00fbye qada serhildan \u00fb berxwedan\u00ea.\u00a0\u00a0 Kevne\u015fopiya wan hevalan her tim domiya \u00fb heta roja me hat \u00fb berz b\u00fb.<\/p>\n<p>Rej\u00eema \u0130ran\u00ea di d\u00eerok\u00ea de heta niha li dij\u00ee gel\u00ea Kurd di nava hewldan\u00ean komplovar\u00eedeye.\u00a0 Li dij\u00ee\u00a0 xebat\u00ean Rojhilat \u00ea Kurdistan \u00ea y\u00ean teko\u015f\u00een\u00ea her tim hewldan\u00ean xerakirin\u00ea wek planger\u00ee hatiye domandin.\u00a0 Li hember\u00ea \u00ear\u00ee\u015f\u00ean rej\u00eema dagirker ya \u0130ran\u00ea ger\u00eellay\u00ean me her tim bi berxweday\u00eenek mezin ve bersiv dane \u00a0\u00fb teko\u015f\u00een kirine.<\/p>\n<p>Li\u00a0 \u00e7iyay\u00ea Dalaho 5\u2019\u00ea Gulan\u2019a 2010\u2019an 5\u00a0 heval\u00ean me di encama qomployek\u00ea ku bi jehirkirin\u00ea ve ji aliy\u00ea rej\u00eema \u0130ran \u00ea ve \u00a0hatib\u00fbn \u015fehit kirin.\u00a0 Her p\u00ean\u00e7 heval\u00ean me Hekim Tatvan, N\u00fbpelda Kardelen, \u015eahin Dalaho, Xo\u015fmer Sirvan, Zozan Gernas \u00a0ji bo azadiya gel\u00ea Kurd \u00fb her wiha Rojhilat \u00ea Kurdistan\u00ea p\u00eak were bi hewldanek mezin tevgeriyan \u00fb gehi\u015ftin mertebeya \u015fahadet\u00ea.\u00a0 Qerekter\u00ea her pen\u00e7 hevalan j\u00ee n\u00eaz\u00ee hev, bi gir\u00eaday\u00eena felsefeya R\u00eaber Apo ve tevger\u00een p\u00eak dihat.\u00a0 R\u00eaheval Hek\u00eem Tatvan sala 2006 tevl\u00ee nava ref\u00ean ger\u00eella bib\u00fb. \u00a0Bi xwe ji bak\u00fbr\u00ea Kurdistan\u00ea b\u00fb \u00a0l\u00ea bi hes kirin \u00fb kelejanek mezin \u00a0ji bo ku li dij\u00ee dagirkeriya rej\u00eema \u0130ran \u00ea\u00a0 teko\u015f\u00eenek mezin bike,\u00a0 \u00a0li \u00e7\u00eeyay\u00ean Rojhilat \u015fer dike.\u00a0 R\u00eaheval Hekim bi hes kirin, gir\u00eaday\u00eena Reeber Apo \u00a0ve ji bo ku xizmeta gel\u00ea Rojhilat \u00ea Kurdistan\u2019\u00ea bike her tim di nava tevger\u00ea de b\u00fb.\u00a0\u00a0 Rih\u00ea r\u00eahevaltiy\u00ea di asta her\u00ee jor de b\u00fb.\u00a0 Gir\u00eaday\u00eena gel\u00ea Rojhilat di asteke berz de b\u00fb.<\/p>\n<p>R\u00eaheval N\u00fbpelda sala 2004 li bajar\u00ea S\u00eart \u00ea Er\u00fbh \u00ea tevl\u00ee bib\u00fb.\u00a0 Bi rih\u00ea welatpar\u00eaziya Er\u00fbh \u00ea li \u00e7iyay\u00ean Rojhilat \u00ea Kurdistan \u00ea teko\u015f\u00eenek bi nirx me\u015fand.\u00a0 R\u00eaheval N\u00fbpelda bi enerj\u00ee \u00fb morala xwe ve\u00a0 di dil\u00ea ger\u00eella \u00fb gel\u00ea Rojhilat \u00ea Kurdistan \u00ea de ciheke gir\u00eeng girtib\u00fb.\u00a0 R\u00eaheval N\u00fbpelda li bak\u00fbr \u00ea Kurdistan \u00ea de j\u00ee teko\u015f\u00een me\u015fan dib\u00fb.\u00a0 Di asta cesaret \u00fb tekt\u00eek de wek fermandeyek\u00ea her tim p\u00ea\u015fengt\u00ee dikir.\u00a0 Di riya jin\u00ean qehreman de ku xeta berxweday\u00een\u00ea esas girtin b\u00fb sembolek.<\/p>\n<p>R\u00eaheval Zozan ji Rakkay\u00ea b\u00fb.\u00a0 R\u00eaheval Zozan\u00a0 j\u00ee ji bo ku li dij\u00ee dagirkeriy\u00ea di asta her\u00ee bilind de \u015fer bike ber\u00ea xwe da Rojhilat \u00ea Kurdistan \u00ea.\u00a0 R\u00eaheval Zozan ji bo ku erk\u00ean xwe bi cih b\u00eene di nava hewldanek gir\u00eeng de b\u00fb.<\/p>\n<p>R\u00eaheval Xo\u015fmer\u00a0 sala 2007 tevl\u00ee nava ref\u00ean HRK bib\u00fb.\u00a0 \u00a0Hevalek\u00ea \u00e7iyager b\u00fb.\u00a0 Li tevah\u00ee \u00e7iyay\u00ean Kurdistan\u2019\u00ea dixwest bigere \u00fb jiyan bike.\u00a0 Bi r\u00eahevaltiyeke xurt tevl\u00ee xebatan dib\u00fb.<\/p>\n<p>R\u00eaheval \u015eah\u00een ji bajar \u00ea Kirman\u015fah b\u00fb.\u00a0 Sala 2006 tevl\u00ee nava ref\u00ean HRK bib\u00fb.\u00a0 R\u00eaheval \u015eah\u00een wek zarok\u00ea\u00a0 \u00e7iyay\u00ean Dalaho,\u00a0 dagirkeriya li ser gel\u00ea xwe, xaka xwe qeb\u00fbl nekirib\u00fb.\u00a0 Ji bo ku dagirkeriy\u00ea ji axa xwe derxe tevl\u00ee \u015fore\u015f\u00ea bib\u00fb.\u00a0 Heta daw\u00ee j\u00ee teko\u015f\u00eena xwe domand.<\/p>\n<p>Rej\u00eema \u0130ran \u00ea bi pol\u00eetikaya Kurdan bi Kurdan qirkirin \u00ea, ku\u015ftin \u00ea komployek wiha bi dest\u00ean Kurdan p\u00eak an\u00ee.\u00a0 Dahalo ji bo ger\u00eelay\u00ea Rojhilat \u00ea Kurdistan \u00ea qadeke stratej\u00eek e.\u00a0 \u00a0Rej\u00eema \u0130ran \u00ea ya dagirker li dij\u00ee ger\u00eella pol\u00eetikaya tunekirin \u00ea dab\u00fb destp\u00ea kirin.\u00a0 Di v\u00ea \u00e7er\u00e7evey\u00ea de li ser ger\u00eellay\u00ean me \u00ear\u00ee\u015f\u00ean c\u00fbr bic\u00fbr p\u00eak an\u00een.\u00a0 P\u00ean\u00e7 heval\u00ean me di encama komployek\u00ea de \u015feh\u00eet kirin.\u00a0 Li dij\u00ee v\u00ea komploy\u00ea ji w\u00ea dem\u00ea heta niha bi h\u00earsa tolhildanek e mezin ger\u00eellay\u00ean me teko\u015f\u00een dikin.\u00a0 Her wiha bi hezaran ciwan\u00ean Rojhilat \u00ea Kurdistan \u00ea be\u015fdar\u00ee nava ger\u00eella b\u00fbn.\u00a0 \u00c7iqas\u00ee berdel hatibe day\u00een ewqas\u00ee serkeftin j\u00ee hat dest xistin.\u00a0 Tola van qehreman\u00ean me hatin girtin \u00fb teko\u015f\u00een h\u00een j\u00ee didome.<\/p>\n<p>Wek h\u00eaz\u00ean HPJ,\u00a0\u00a0 em \u00ea di riya wan \u015feh\u00eedan de heta daw\u00ee bime\u015fin. \u00a0Li gor\u00ee w\u00ea jiyan bikin \u00fb ji bo ku em di xeta R\u00eabert\u00ee de h\u00een bilindtir jiyan bikin \u00fb tola van heval\u00ean xwe \u00fb bi hezaran \u015feh\u00eed\u00ean xwe bigirin em \u00ea bi her away\u00ee bi bir yardar\u00ee t\u00eabiko\u015fin.\u00a0 Tola wan girtin wek erkek e li ser mil\u00ea me ye.\u00a0 \u00c7awa ku me heta niha bi rih\u00ea wan jiyan kir \u00fb ji bo ku em tola wan bigirin me teko\u015f\u00eenek mezin kir em \u00ea ji vir \u015f\u00fbnde j\u00ee bi w\u00ea soze \u00fb baweriy\u00ea di riya wan de bime\u015fin.\u00a0 Em di v\u00ea \u00e7er\u00e7evey\u00ea de soza xwe careke din d\u00fbbare dikin.<\/p>\n<p>Em p\u00ea bawerin ku gel\u00ea me y\u00ea welatpar\u00eaz j\u00ee \u00e7awa ku heta niha li xwed\u00ee \u015feh\u00eed\u00ean xwe derketiye d\u00ea ji vir \u015f\u00fbnde j\u00ee li dij\u00ee dagirkeriy\u00ea ser\u00ee netew\u00eene \u00fb h\u00een z\u00eadetir xwed\u00ee li \u015feh\u00eed\u00ean xwe derbikeve\u00a0 \u00fb li dij\u00ee l\u00eestok\u00ean dagirkeriy\u00ea bi hi\u015fyar\u00ee tevbigere. \u00a0Em di salvegera 9. De her p\u00ean\u00e7 heval\u00ean xwe careke din bi r\u00eaz dar\u00ee bi b\u00eer t\u00eenin \u00fb sersaxiy\u00ea ji malbata wan \u00fb \u00a0ji tevah\u00ee gel\u00ea Kurdistan \u00ea dixwazin.<\/p>\n<p>\u00a0<\/p>\n<p>Farmandar\u00ee a HPJ<\/p>\n<p>05.05.2019<\/p>\n","protected":false},"excerpt":{"rendered":"<p>Di d\u00eerok\u00ea de her tim li hember\u00ea \u00a0dagirkeriy\u00ea, \u00a0berxwed\u00eariya mirovatiy\u00ea j\u00ee \u00e7\u00eab\u00fbye.\u00a0 Di roja me ya \u00eero de j\u00ee li hember dagirkeriya ku dixwaze gel\u00ea Kurd tune bike berxwedaniyek mezin p\u00eak t\u00ea.\u00a0 \u00a0Ew mil\u00eetanin \u00a0ku ji bo teko\u015f\u00eena azadiy\u00ea bilind bikin,\u00a0 jiyaneke bi ar jiyan bikin \u00fb bidin jiyandin\u00a0 \u00fb di v\u00ea oxir\u00ea de bibin [&hellip;]<\/p>\n","protected":false},"author":1,"featured_media":5530,"comment_status":"closed","ping_status":"closed","sticky":false,"template":"","format":"standard","meta":{"_acf_changed":false,"footnotes":""},"categories":[4],"tags":[],"class_list":{"0":"post-5529","1":"post","2":"type-post","3":"status-publish","4":"format-standard","5":"has-post-thumbnail","7":"category-gotar"},"acf":[],"_links":{"self":[{"href":"https:\/\/pjak.net\/ku\/wp-json\/wp\/v2\/posts\/5529","targetHints":{"allow":["GET"]}}],"collection":[{"href":"https:\/\/pjak.net\/ku\/wp-json\/wp\/v2\/posts"}],"about":[{"href":"https:\/\/pjak.net\/ku\/wp-json\/wp\/v2\/types\/post"}],"author":[{"embeddable":true,"href":"https:\/\/pjak.net\/ku\/wp-json\/wp\/v2\/users\/1"}],"replies":[{"embeddable":true,"href":"https:\/\/pjak.net\/ku\/wp-json\/wp\/v2\/comments?post=5529"}],"version-history":[{"count":1,"href":"https:\/\/pjak.net\/ku\/wp-json\/wp\/v2\/posts\/5529\/revisions"}],"predecessor-version":[{"id":9870,"href":"https:\/\/pjak.net\/ku\/wp-json\/wp\/v2\/posts\/5529\/revisions\/9870"}],"wp:featuredmedia":[{"embeddable":true,"href":"https:\/\/pjak.net\/ku\/wp-json\/"}],"wp:attachment":[{"href":"https:\/\/pjak.net\/ku\/wp-json\/wp\/v2\/media?parent=5529"}],"wp:term":[{"taxonomy":"category","embeddable":true,"href":"https:\/\/pjak.net\/ku\/wp-json\/wp\/v2\/categories?post=5529"},{"taxonomy":"post_tag","embeddable":true,"href":"https:\/\/pjak.net\/ku\/wp-json\/wp\/v2\/tags?post=5529"}],"curies":[{"name":"wp","href":"https:\/\/api.w.org\/{rel}","templated":true}]}}