{"id":5282,"date":"2018-08-15T14:58:31","date_gmt":"2018-08-15T12:58:31","guid":{"rendered":"http:\/\/pjak.eu\/ku\/?p=5282"},"modified":"2025-04-21T00:00:41","modified_gmt":"2025-04-20T20:30:41","slug":"pengawa-15-tebaxe-piroz-be","status":"publish","type":"post","link":"https:\/\/pjak.net\/ku\/5282","title":{"rendered":"p\u00eangawa 15 tebax\u00ea p\u00eeroz be"},"content":{"rendered":"<p>Di d\u00eeroka teko\u015f\u00eena gel\u00ea kurd de roja vej\u00een\u00ea sala 34.em\u00een li pey xwe hi\u015ft. 34 sal ber\u00ea gulleya yekem\u00een ya ji bo dagirker\u00ee \u00fb met\u00eenger\u00ee hat\u00ee av\u00eatin hi\u015ft ku tevah\u00ee gel\u00ea kurd y\u00ea hat\u00ee binaxkirin vej\u00eeneke d\u00eerok\u00ee jiyan bike. Gel\u00ea kurd y\u00ea ku bi salan hat\u00ee tepisand\u00ee,hat\u00ee mi\u015fextkirin,hat\u00ee \u00ee\u015fkencekirin \u00fb hat\u00ee qetilkirin bi derketina v\u00ea roj\u00ea \u00fb bi rih\u00ea feda\u00ee \u00fb qehreman\u00ee ya fermendar Eg\u00eet ve dest bi n\u00eev\u00eesandina d\u00eerokek z\u00ear\u00een kir. Gel\u00ea kurd di rew\u015fek xwe \u00eenkarkirin \u00fb ji rastiya xwe direv\u00eade b\u00fb. Kurdb\u00fbn nasnameyeke hat\u00ee jib\u00eerkirin \u00fb ya ji j\u00ea \u015ferm dihat kirinb\u00fb. L\u00ea bel\u00ea pi\u015ft\u00ee v\u00ea roja p\u00eeroz \u00fb pengava mezin kurdb\u00fbn ed\u00ee b\u00fbye cih\u00ea \u015fanaz\u00ee \u00fb rumet\u00ea. Kurd ji xewa giran \u015fiyar b\u00fb ji nu de zind\u00eeb\u00fb. Ed\u00ee ji v\u00ea nasname ne \u015ferm, p\u00eeroz\u00ee \u00fb serberz\u00ee dibare. Ed\u00ee reya rumet \u00fb keramet\u00ea, ji xwed\u00ee li nasnama xwe \u00fb gel\u00ea xwe xwed\u00ee derketin\u00ea derbas dibe. Kurd pi\u015ft\u00ee v\u00ea roj\u00ea ne mirin\u00ea her roj zind\u00eeb\u00fbn\u00ea jiyan dike. \u00cero bi m\u00eelyonan kurd,jin \u00fb ciwan \u015fopdar\u00ea v\u00ea r\u00eak\u00eane \u00fb roj bi roj teko\u015f\u00eena azadiy\u00ea bi cesaretek pir mezin h\u00een bilindtir dikin. Di bin fermandartiya qehreman Eg\u00eet te bi hezaran jin\u00ean ciwan bi gi\u015ft\u00ee ciwan teko\u015f\u00eena azad\u00ee,wekhev\u00ee,edalet \u00fb demokrasiy\u00ea didin. Li dij\u00ee fa\u015f\u00eezm\u00ea,dagirker\u00ee \u00fb metingeriy\u00ea h\u00ears \u00fb k\u00eenek mezin jiyan dikin \u00fb li beramber\u00ee v\u00ea berxwedan \u00fb \u015fer\u00ean d\u00eerok\u00ee jiyan dikin. Bi \u00e7anda tevgera azadiy\u00ea day\u00ee avakirin \u00fb bi ruh\u00ea Eg\u00eedan ed\u00ee tevah\u00ee ciwan\u00ean Kurdistan\u00ea dervey\u00ee berxwedan \u00fb teko\u015f\u00een\u00ea ti r\u00eayek din ji bo xwe qebul nakin. Ev teko\u015f\u00een \u00fb berxwedan ed\u00ee ne ten\u00ea ji bo kurd \u00fb Kurdistan\u00ea ji bo tevah\u00ee c\u00eehan\u00ea ango ji bo hemu gel\u00ean bindest \u00fb azad\u00eexwaz b\u00fbye heviya sereke ya azad\u00ee \u00fb rizgariy\u00ea. Li ser m\u00eerateya v\u00ea d\u00eerok\u00ea \u00eero li \u00e7ar par\u00e7ey\u00ea Kurdistan\u00ea teko\u015f\u00eena azadiy\u00ea bilind dibe \u00fb dagirker\u00ee her roj li bin dikeve. Yek ji par\u00e7eya Kurdistan\u00ea ku li ser m\u00eerateya v\u00ea p\u00eangav\u00ea dest bi teko\u015f\u00eena azadiy\u00ea kir j\u00ee rojhilat\u00ea Kurdistan\u00ea ye. Li ser esas\u00ea \u015fopdariya v\u00ea r\u00eak\u00ea li vir j\u00ee her roj ciwan\u00ean Kurdistan\u00ea ber\u00ea xwe didin Eg\u00eed b\u00fbn\u00ea. D\u00eesa heman dem\u00ea ev roj damezrandina tevgera ciwan\u00ean rojhilat\u00ea Kurdistan\u00ea ye. Li ser esas\u00ea xwed\u00ee derketin \u00fb b\u00fby\u00eena \u015fopdariya v\u00ea r\u00eay\u00ea ev roj ji bo \u00eelankirina damezrandin\u00ea hatiye hilbijartin. Ji ber ku ji bo ciwan\u00ean Kurdistan\u00ea r\u00eaya serkeftin\u00ea ji Eg\u00eet b\u00fbn\u00ea derbas dibe. Heman dem\u00ea m\u00eemar\u00ea vej\u00eena gel\u00ea Kurd R\u00eaber Apo j\u00ee f\u00eez\u00eek\u00ee azadkirin \u00fb tecr\u00eeda giran ya li ser t\u00ea me\u015fandin par\u00e7e par\u00e7e kirin j\u00ee encax bi ruh\u00ea 15 \u00ea tebax\u00ea ango bi rih\u00ea feda\u00ee y\u00ea fermandar Eg\u00eet p\u00eakane. Bi ruh\u00ea 15 \u00ea tebax\u00ea fa\u015f\u00eezm \u00fb dagirker\u00ee t\u00eakbirin,R\u00eaber Apo f\u00eez\u00eek\u00ee azadkirin \u00fb p\u00ea\u015ferojeke azad afirandin erk\u00ea hemu jin\u00ean ciwan \u00fb ciwan\u00ean rojhilat\u00ea kurdistan\u00ea ye. dervey\u00ee berxwedan \u00fb teko\u015f\u00een\u00ea tu r\u00eayek din ji bo serkeftin\u00ea n\u00eene. Bi boneya v\u00ea roj\u00ea em carek din bangawaz\u00ee li tevah\u00ee ciwan\u00ean rojhilat\u00ea Kurdistan \u00fb \u00ceran\u00ea dikin ku bi ruh \u00fb gir\u00eengiya v\u00ea roj\u00ea erk\u00ea xwe y\u00ea li beramber\u00ee d\u00eerok\u00ea \u00fb li beramber\u00ee gel \u00fb welat\u00ea xwe bi c\u00eeh b\u00eenin \u00fb ji bo bilindkirina teko\u015f\u00een\u00ea p\u00eal bi p\u00eal tevl\u00ee ref\u00ean azadiy\u00ea ango ref\u00ean ger\u00eella bibin. Ji ber ku serkeftina m\u00eesoger encax bi be\u015fdarb\u00fbneke \u00e7alak \u00fb b\u00ea tereddut gengaze. \u00a0Li tevah\u00ee ciwan\u00ean Kurdistan \u00fb gel\u00eam\u00ea cejna vej\u00een\u00ea p\u00eeroz dikin. Bi biryardariya pengava mezin ya 15 \u00ea tebax\u00ea em\u00ea teko\u015f\u00eena azadiy\u00ea serbixin.<\/p>\n<p>Komelgay ciwanani rojhelati kurditan-KCR<\/p>\n<p>15.08.2018<\/p>\n","protected":false},"excerpt":{"rendered":"<p>Di d\u00eeroka teko\u015f\u00eena gel\u00ea kurd de roja vej\u00een\u00ea sala 34.em\u00een li pey xwe hi\u015ft. 34 sal ber\u00ea gulleya yekem\u00een ya ji bo dagirker\u00ee \u00fb met\u00eenger\u00ee hat\u00ee av\u00eatin hi\u015ft ku tevah\u00ee gel\u00ea kurd y\u00ea hat\u00ee binaxkirin vej\u00eeneke d\u00eerok\u00ee jiyan bike. Gel\u00ea kurd y\u00ea ku bi salan hat\u00ee tepisand\u00ee,hat\u00ee mi\u015fextkirin,hat\u00ee \u00ee\u015fkencekirin \u00fb hat\u00ee qetilkirin bi derketina v\u00ea [&hellip;]<\/p>\n","protected":false},"author":1,"featured_media":5283,"comment_status":"closed","ping_status":"closed","sticky":false,"template":"","format":"standard","meta":{"_acf_changed":false,"footnotes":""},"categories":[4],"tags":[],"class_list":{"0":"post-5282","1":"post","2":"type-post","3":"status-publish","4":"format-standard","5":"has-post-thumbnail","7":"category-gotar"},"acf":[],"_links":{"self":[{"href":"https:\/\/pjak.net\/ku\/wp-json\/wp\/v2\/posts\/5282","targetHints":{"allow":["GET"]}}],"collection":[{"href":"https:\/\/pjak.net\/ku\/wp-json\/wp\/v2\/posts"}],"about":[{"href":"https:\/\/pjak.net\/ku\/wp-json\/wp\/v2\/types\/post"}],"author":[{"embeddable":true,"href":"https:\/\/pjak.net\/ku\/wp-json\/wp\/v2\/users\/1"}],"replies":[{"embeddable":true,"href":"https:\/\/pjak.net\/ku\/wp-json\/wp\/v2\/comments?post=5282"}],"version-history":[{"count":1,"href":"https:\/\/pjak.net\/ku\/wp-json\/wp\/v2\/posts\/5282\/revisions"}],"predecessor-version":[{"id":9874,"href":"https:\/\/pjak.net\/ku\/wp-json\/wp\/v2\/posts\/5282\/revisions\/9874"}],"wp:featuredmedia":[{"embeddable":true,"href":"https:\/\/pjak.net\/ku\/wp-json\/"}],"wp:attachment":[{"href":"https:\/\/pjak.net\/ku\/wp-json\/wp\/v2\/media?parent=5282"}],"wp:term":[{"taxonomy":"category","embeddable":true,"href":"https:\/\/pjak.net\/ku\/wp-json\/wp\/v2\/categories?post=5282"},{"taxonomy":"post_tag","embeddable":true,"href":"https:\/\/pjak.net\/ku\/wp-json\/wp\/v2\/tags?post=5282"}],"curies":[{"name":"wp","href":"https:\/\/api.w.org\/{rel}","templated":true}]}}