{"id":5062,"date":"2017-12-29T09:46:20","date_gmt":"2017-12-29T07:46:20","guid":{"rendered":"http:\/\/pjak.eu\/ku\/?p=5062"},"modified":"2025-04-21T00:00:42","modified_gmt":"2025-04-20T20:30:42","slug":"tekosina-bi-ruhe-ronahi-u-egidan-de-serkeftine-misoger-bike","status":"publish","type":"post","link":"https:\/\/pjak.net\/ku\/5062","title":{"rendered":"T\u00eako\u015f\u00eena Bi Ruh\u00ea Ronah\u00ee \u00fb Eg\u00eedan D\u00ea Serkeftin\u00ea Misoger Bike"},"content":{"rendered":"<p>Di salvegera \u015fehadeta r\u00eaheval\u00ean xwe y\u00ean leheng Ronah\u00ee Den\u00eez (Senem Er\u00ee\u015fen) \u00fb Eg\u00eed (Hesen H\u00eekmet Dem\u00eer) de, em tevahiya \u015feh\u00eed\u00ean \u015fore\u015fa azadiy\u00ea bi b\u00eer t\u00eenin \u00fb soza xwe ya domandin \u00fb biserxistina t\u00eako\u015f\u00eena \u015feh\u00eedan dubare dikin.<br \/>\nDi t\u00eako\u015f\u00eena her gelek\u00ea de hin \u00e7alek\u00ee \u00fb kesayet hene ku \u00e7aren\u00fbsaz in \u00fb ji w\u00ee gel\u00ee re dibin \u00eelhama \u015fore\u015f\u00ean mezin. Ger ku ew \u00e7alek\u00ee \u00fb helwesta \u015fore\u015fger\u00ee ya wan kesayetan nebin, d\u00ea seyra t\u00eako\u015f\u00een\u00ea j\u00ee bi awayek\u00ea k\u00eam bim\u00eene \u00fb nikaribe ku bibe xwed\u00ee berhem\u00ean ku k\u00eal\u00ee \u00fb d\u00eerok ferz dikin. di demek\u00ea ku fa\u015f\u00eezma dewleta Tirkiy\u00ea \u00fb \u00ceran\u00ea li beramber\u00ee tevgera Apoy\u00ee, bi konsepteke n\u00fb dest bi \u00ear\u00ee\u015f\u00ean pir-al\u00ee kirin, di nav civak \u00fb raya gi\u015ft\u00ee de j\u00ee dixwestin ku p\u00ealeke mezin ya tirs \u00fb xof\u00ea bidin \u00e7\u00eakirin, li beramber\u00ee h\u00eaz\u00ean ger\u00eella operasyon\u00ean \u00eemhekirin\u00ea dihatin plankirin \u00fb ji bo v\u00ea yek\u00ea pol\u00eetayeke n\u00fb li ser girt\u00ee \u00fb d\u00eel\u00ean siyas\u00ee y\u00ean girt\u00eegehan dihate me\u015fandin, darvekirina R\u00eaheval\u00ea Eg\u00eed (Hesen H\u00eekmet Dem\u00eer) ku bi awayeke dervey\u00ee huq\u00fbq \u00fb b\u00eay\u00ee ber\u00e7avgirtina zagon\u00ean navnetew\u00ee hatib\u00fb darizandin, di esas de ji gel\u00ea Kurd \u00fb mirovahiya azad\u00eexwaz re peyameke pir gir\u00eeng dihate day\u00een. Heval\u00ea Eg\u00eed ruxm\u00ee ku bi salan di \u015fert\u00fbmerc\u00ean giran \u00ean girt\u00eegeh\u00ea de dihate ragirtin, dest ji berxwedan \u00fb baweriya ji azadiy\u00ea re berneda \u00fb li beramber\u00ee pol\u00eet\u00eekay\u00ean rej\u00eema dagirker ya \u00ceran\u00ea ser\u00ee netewand. Bi darvekirina heval\u00ea Eg\u00eed re xwestin ku v\u00ea v\u00een \u00fb baweriy\u00ea b\u00eadeng bikin, bi\u015fk\u00eanin. L\u00ea bel\u00ea peyama ku rej\u00eema fa\u015f\u00eest ya \u00ceran\u00ea dida, ji h\u00eala \u015fervan\u00ean azadiy\u00ea ve b\u00ea bersiv nema \u00fb diviya ku nem\u00eene j\u00ee. R\u00eahevala Ronah\u00ee Den\u00eez (Senem Er\u00ee\u015fen) bi ruheke feday\u00ee \u00fb azweriyeke bilind, bi xwendina rast ya p\u00eavajoy\u00ea \u00fb t\u00eagihi\u015ftina erka d\u00eerok\u00ee ya ku ji mil\u00eetantiya \u015fore\u015fger dihate xwestin, li beramber\u00ee h\u00eaz\u00ean dagirker y\u00ean rej\u00eema \u00ceran\u00ea \u00e7alekiya feday\u00ee p\u00eak an\u00ee \u00fb ji dost \u00fb dijmin re ragihand ku d\u00ea jin\u00ean \u015fore\u015fger y\u00ean Apoy\u00ee li herder\u00ea \u00fb li dij\u00ee her away\u00ea zilim \u00fb \u00ear\u00ee\u015f\u00ea t\u00eabiko\u015fin.<br \/>\nHevala Ronah\u00ee ku ji bajar\u00ea Wan\u00ea nav\u00e7eya Erc\u00ee\u015f\u00ea ji dayik bib\u00fb, bi salan di nav t\u00eako\u015f\u00een \u00fb xebata li Bak\u00fbr\u00ea Kurdistan\u00ea di asta p\u00ea\u015fengt\u00ee wek jineke ciwan rol hilgirtib\u00fb, pi\u015ft\u00ee d\u00eelgirtina R\u00eaber Apo, bi hest \u00fb gir\u00eadaneke mezin ji xeta Apoy\u00ee re, ber\u00ea xwe dab\u00fb \u00e7iyay\u00ean Kurdistan\u00ea \u00fb demeke dir\u00eaj li qad\u00ean ger\u00eella t\u00eako\u015f\u00een kir.  Di sal\u00ean 2005 heya 2007\u2019an j\u00ee li Rojhilat\u00ea Kurdistan\u00ea her\u00eama Mak\u00fby\u00ea xebat me\u015fand \u00fb di demeke kin de  di nav gel de hezkirin \u00fb gir\u00eadaneke b\u00ea m\u00eenak avakir. Hevala Ronah\u00ee ruh\u00ea welatpar\u00eaz\u00ee \u00fb netew\u00ee ya jin\u00ean Kurd ku li \u00e7ar par\u00e7ey\u00ean Kurdistan\u00ea, bi ev\u00een \u00fb co\u015feke mezin ala t\u00eako\u015f\u00een\u00ea hilgirtine, li her mal \u00fb gund\u00ea Mak\u00fby\u00ea dubare bilind kir \u00fb li beramber\u00ee pol\u00eet\u00eekay\u00ean as\u00eem\u00eelasyon, girtin \u00fb \u00ear\u00ee\u015f\u00ean dewleta dagirker ya \u00ceran\u00ea jin \u00fb ciwan, zarok \u00fb bi gi\u015ft\u00ee civak perwerde dikir. Dilnizm\u00ee, hezkirin \u00fb bawermendiya k\u00fbr ya hevala Ronah\u00ee hi\u015ft ku di dil\u00ea gel de ciheke berfireh bigire.<br \/>\nHevala Ronah\u00ee di ferqa k\u00ealiy\u00ea  de b\u00fb, dizan\u00eeb\u00fb ku div\u00ea ji v\u00ea p\u00eavajoy\u00ea re, ji hem\u00fb destwerdan \u00fb n\u00eaz\u00eekatiy\u00ean fa\u015f\u00eezan y\u00ean dijmin re bersiv were day\u00een, dizan\u00eeb\u00fb ku k\u00eal\u00ee li benda \u00e7alekiyeke \u015fore\u015fger\u00ee ye ji bo ku biherike ber bi t\u00eako\u015f\u00een\u00ea ve. Diviya ew k\u00eal\u00ee ney\u00ea ji dest day\u00een. \u00c7alekiy\u00ea xwe di w\u00ea k\u00ealiy\u00ea de ferz dikir, k\u00ealiy\u00ea ew \u00e7alek\u00ee dixwest \u00fb hevala Ronah\u00ee j\u00ee dixwest ku bibe xwediy\u00ea v\u00ea \u00e7alekiy\u00ea. \u00c7alekiya R\u00eahevala Ronah\u00ee \u00e7alekiya li dij\u00ee her cure dagirker\u00ee, pol\u00eet\u00eekay\u00ean \u00e7ewisandin \u00fb \u00eemhekirin\u00ea ye. Li ser bingeha v\u00ea ruh\u00ea \u015fore\u015fger\u00ee \u00e7andeke n\u00fb ya berxwedan\u00ea ya ku ji bil\u00ee serkeftin\u00ea tu r\u00eayeke din nas nake, afirand. Lewre Ronah\u00ee Den\u00eez li Rojhilat\u00ea Kurdistan\u00ea \u00e7anda t\u00eako\u015f\u00een\u00ea gihande asta l\u00fbtkey\u00ea \u00fb ji gel \u00fb kadroy\u00ean tevgera azadiy\u00ea re m\u00eerateyeke mezin bi cih hi\u015ft.<br \/>\nDi qonaxa niha de ku rej\u00eem\u00ean fa\u015f\u00eest y\u00ean \u00ceran \u00fb Tirkiye, di heman dem\u00ea de dewlet\u00ean Iraq \u00fb S\u00fbriy\u00ea j\u00ee li beramber\u00ee Tevgera Azadiya Kurdistan\u00ea \u00fb gel\u00ea Kurd peyman \u00fb hevkariy\u00ean n\u00fb p\u00ea\u015f dixin, R\u00eaber Apo di nav tecr\u00eedeke \u015fidand\u00ee de t\u00ea ragirtin, li ser gel\u00ea me li Rojhilat\u00ea Kurdistan\u00ea j\u00ee siyaseta qir\u00eaj ya bir\u00e7\u00eekirin, b\u00eav\u00eenkirin, \u00e7avtirsandin \u00fb \u00eemhekirin\u00ea bi berdewam\u00ee t\u00ea bir\u00eavebirin, p\u00eadiviya p\u00ea\u015fxistina t\u00eako\u015f\u00een\u00ea ji her demek\u00ea z\u00eadetir derdikeve hol\u00ea. Gir\u00eadan \u00fb xwed\u00eederketin li b\u00eeran\u00een \u00fb m\u00eeras\u00ea r\u00eahevala Ronah\u00ee \u00fb Eg\u00eedan j\u00ee, ji bir\u00eaxistinkirin, berxwedan \u00fb t\u00eako\u015f\u00eena hevgirt\u00ee ya gel\u00ea me derbas dibe. li ser v\u00ea bingeh\u00ea em\u00ea bikaribin azadiya welat \u00fb azadiya civaka xwe j\u00ee misoger bikin. teqez ji bil\u00ee v\u00ea j\u00ee tu r\u00eay\u00ean me y\u00ean din tune ne.<br \/>\nEm li ser v\u00ea esas\u00ea bang li gel\u00ea xwe y\u00ea welatpar\u00eaz, bi taybet j\u00ee jin \u00fb ciwanan dikin, bi ruh\u00ea Ronah\u00ee \u00fb Eg\u00eedan, li beramber\u00ee pergala fa\u015f\u00eest ya desthilatdar t\u00eako\u015f\u00eena xwe pir-al\u00ee bikin \u00fb heya daw\u00eekirina siyaseta qirkirin \u00fb dagirkeriy\u00ea, yek k\u00eal\u00ee \u00fb yek nefes nesekinin. Em dubare hem\u00fb \u015feh\u00eed\u00ean di oxira azadiy\u00ea de b\u00fbne me\u015fele bi b\u00eer t\u00eenin \u00fb diyar dikin ku em\u00ea di v\u00ea r\u00eay\u00ea de heya serkeftin\u00ea bime\u015fin.<br \/>\nBIJ\u00ce SEROK APO!<br \/>\nBIJ\u00ce DOZA AZAD\u00ce \u00db BERXWEDAN!<br \/>\n\u015eEH\u00ceD NAMIRIN!<\/p>\n<p>2017-12-28<br \/>\nMecl\u00eesa PJAK\u2019\u00ea <\/p>\n","protected":false},"excerpt":{"rendered":"<p>Di salvegera \u015fehadeta r\u00eaheval\u00ean xwe y\u00ean leheng Ronah\u00ee Den\u00eez (Senem Er\u00ee\u015fen) \u00fb Eg\u00eed (Hesen H\u00eekmet Dem\u00eer) de, em tevahiya \u015feh\u00eed\u00ean \u015fore\u015fa azadiy\u00ea bi b\u00eer t\u00eenin \u00fb soza xwe ya domandin \u00fb biserxistina t\u00eako\u015f\u00eena \u015feh\u00eedan dubare dikin. Di t\u00eako\u015f\u00eena her gelek\u00ea de hin \u00e7alek\u00ee \u00fb kesayet hene ku \u00e7aren\u00fbsaz in \u00fb ji w\u00ee gel\u00ee re dibin [&hellip;]<\/p>\n","protected":false},"author":1,"featured_media":4883,"comment_status":"closed","ping_status":"closed","sticky":false,"template":"","format":"standard","meta":{"_acf_changed":false,"footnotes":""},"categories":[4],"tags":[],"class_list":{"0":"post-5062","1":"post","2":"type-post","3":"status-publish","4":"format-standard","5":"has-post-thumbnail","7":"category-gotar"},"acf":[],"_links":{"self":[{"href":"https:\/\/pjak.net\/ku\/wp-json\/wp\/v2\/posts\/5062","targetHints":{"allow":["GET"]}}],"collection":[{"href":"https:\/\/pjak.net\/ku\/wp-json\/wp\/v2\/posts"}],"about":[{"href":"https:\/\/pjak.net\/ku\/wp-json\/wp\/v2\/types\/post"}],"author":[{"embeddable":true,"href":"https:\/\/pjak.net\/ku\/wp-json\/wp\/v2\/users\/1"}],"replies":[{"embeddable":true,"href":"https:\/\/pjak.net\/ku\/wp-json\/wp\/v2\/comments?post=5062"}],"version-history":[{"count":1,"href":"https:\/\/pjak.net\/ku\/wp-json\/wp\/v2\/posts\/5062\/revisions"}],"predecessor-version":[{"id":9891,"href":"https:\/\/pjak.net\/ku\/wp-json\/wp\/v2\/posts\/5062\/revisions\/9891"}],"wp:featuredmedia":[{"embeddable":true,"href":"https:\/\/pjak.net\/ku\/wp-json\/"}],"wp:attachment":[{"href":"https:\/\/pjak.net\/ku\/wp-json\/wp\/v2\/media?parent=5062"}],"wp:term":[{"taxonomy":"category","embeddable":true,"href":"https:\/\/pjak.net\/ku\/wp-json\/wp\/v2\/categories?post=5062"},{"taxonomy":"post_tag","embeddable":true,"href":"https:\/\/pjak.net\/ku\/wp-json\/wp\/v2\/tags?post=5062"}],"curies":[{"name":"wp","href":"https:\/\/api.w.org\/{rel}","templated":true}]}}