{"id":3915,"date":"2016-01-07T20:14:19","date_gmt":"2016-01-07T18:14:19","guid":{"rendered":"http:\/\/pjak.eu\/ku\/?p=3915"},"modified":"2016-01-07T20:14:19","modified_gmt":"2016-01-07T18:14:19","slug":"hevserokatiya-pjak-sara-diroka-tekosin-u-berxwedana-5000-sali-ya-jin-u-mirovahiye-dij-bi-canda-zayendiparezi-u-desthilatdari-bu","status":"publish","type":"post","link":"https:\/\/pjak.net\/ku\/3915","title":{"rendered":"Hevserokatiya PJAK: Sara D\u00eeroka, T\u00eako\u015f\u00een \u00fb Berxwedana 5000 sal\u00ee Ya Jin \u00fb Mirovahiy\u00ea Dij Bi \u00e7anda Zayend\u00eepar\u00eaz\u00ee \u00fb Desthilatdar\u00ee b\u00fb"},"content":{"rendered":"<p style=\"text-align: left\">Qetliama hovane ya 9\u2019\u00ea \u00c7ile li Par\u00ees\u00ea ku dij bi s\u00ea jin\u00ean teko\u015f\u00ear\u00ea kurd Sak\u00eene Cansiz, F\u00eedan Do\u011fan, Leyla \u015eaylemez p\u00ea\u015f ketiye lenet dikin \u00fb di kesayeta her 3 qehriman\u00ean jin hem\u00fb jin \u00fb mirov\u00ean di oxira azadiy\u00ea de can\u00ea xwe feda kirine bi b\u00eer t\u00eenin.<\/p>\n<p style=\"text-align: left\">Qetliama Par\u00ees\u2019\u00ea di kesayeta her s\u00ea jin\u00ea kurd, t\u00eako\u015f\u00eena azadiya mirovah\u00ee \u00fb jina kurd armanc kir. Hejmoniya Nijadperest\u00ee \u00fb Zayend\u00eepar\u00eaziy\u00ea di sedsala 21. de bi v\u00ea qetliam\u00ea \u015f\u00eawaz\u00ea \u015fer\u00ea xwe y\u00ea n\u00fbh li hember\u00ea jin\u00ea diyar kir. R\u00eabaz\u00ea qirkirina jin\u00ean kurd li Par\u00ees\u00ea ji \u015f\u00eawaz\u00ea hovane y\u00ea zihniyeta DA\u0130\u015e\u2019\u00ea q\u00fbt n\u00eene. \u00c7anda komk\u00fbj\u00ee \u00fb qetilkirina jin li cihan\u00ea ji ber b\u00eadengiya dad \u00fb vicdanan b\u00fb sedema qetliama jin\u00ean li \u015eengal \u00fb N\u00eecerya. Y\u00ean ku jin\u00ean kurd li Par\u00ees\u00ea qetl kirin encama heman zihniyet\u00ea ye ku li \u015eengal\u00ea 5 hezar jin revandin \u00fb bi hizaran jin bi \u015f\u00eawaz\u00ea her\u00ee hovane qetl kirin. Heman zihniyete ku li N\u00eecerya hember\u00ea jinan p\u00eak t\u00ea di rastiy\u00ea de fa\u015f\u00eezma hember\u00ea jine ku gehi\u015ftiye asta her\u00ee bilind. Destp\u00eakirina van qetliam \u00fb hov\u00eetiya ser jin\u00ean kurd ji zihniyeta v\u00ea serdem\u00ea ya zayend\u00eepar\u00eaz, siyaseta desthilatdar\u00ee \u00fb plan\u00ean met\u00eengeriya li ser Rojhelata Nav\u00een \u00fb gel\u00ea Kurd q\u00fbt n\u00eene. Jina Kurd ku di v\u00ea serdem\u00ea de hem\u00fb plan \u00fb siyaseta dij bi jin, civak \u00fb demokras\u00ee \u00fb azadiy\u00ea bi asta ku gehi\u015ftib\u00fby\u00ea \u00fb bi r\u00eabaz\u00ea xwe y\u00ea t\u00eako\u015f\u00een\u00ea vala derdixist. Di demeke ku di navbera Modern\u00eeteya Kap\u00eetal\u00eezm \u00fb Dewletnetew\u00ean li herem\u00ea \u015fereke mezin y\u00ea emperyal\u00eezm \u00fb desthilatdariy\u00ea dihate me\u015fandin, jina kurd bi p\u00ea\u015fengtiya xwe di t\u00eako\u015f\u00eena azadiya gel\u00ea kurd de bi alternet\u00eefeke n\u00fb p\u00ea\u015f\u00ee li serketina plan\u00ean nu y\u00ea siyaseta met\u00eenger\u00ee \u00fb dagirkeriy\u00ea li her\u00eam\u00ea digirt. Ji ber v\u00ea rista d\u00eerok\u00ee ku jina kurd girtib\u00fb ser mil\u00ea xwe b\u00fb armanca van \u00eari\u015f\u00ean hovane. Sak\u00eene Cansiz ku di destp\u00eaka t\u00eako\u015f\u00eena azadiya gel\u00ea kurd de bi rista p\u00ea\u015fengt\u00ee rabib\u00fb, seknek, xetek, \u015f\u00eawazeke n\u00fb y\u00ea t\u00eako\u015f\u00eena jina kurd di v\u00ea me\u015fa xwe ya d\u00eerok\u00ee de ava kirib\u00fb ji ber w\u00ea j\u00ee hate armanckirin. Di kesayeta R\u00eaheval Sara de d\u00eeroka berxwedaniya jin \u00fb t\u00eako\u015f\u00eena gel\u00ea me ya dem\u00ea hate armanckirin. Bi v\u00ea \u00eari\u015f\u00ea hewl hat day\u00een ku cikvak \u00fb hereket\u00ean berxwed\u00ear \u00fb alternat\u00eef\u00ean \u00e7areseriy\u00ea dervey\u00ea r\u00eabaz\u00ea xwe ji hol\u00ea rakin. T\u00eako\u015f\u00eena azadiya gel\u00ea kurd ya bi rih \u00fb Felsefa Apo\u2019y\u00ee ji bona berjiwendiy\u00ea hejmoniya cihan\u00ee weke xeter\u00ee \u00fb astengiyeke mezin dihate d\u00eetin, ji ber v\u00ea j\u00ee ev hov\u00eetiya mezin hember\u00ea gel\u00ea me \u00fb jin\u00ean kurd li d\u00eeroka mirovahiy\u00ea hate jiy\u00een.<\/p>\n<p style=\"text-align: left\">\u00cero j\u00ee li hember\u00ea hereketa azadiya gel\u00ea kurd heman \u015f\u00eawaz \u00fb b\u00eadengiya cihan\u00ee, dad \u00fb vicdana t\u00ea jiy\u00een. Rojane dehan jin \u00fb Zarok di mil\u00ea \u00e7etey\u00ean Erdo\u011fan li Amed, Silop\u00ee \u00fb Mard\u00een \u00fb li Rojhelat\u00ea Kurdisan\u00ea bi dest\u00ea rej\u00eema s\u00eadare ya \u00ceran\u2019\u00ea t\u00ean qetilkirin, l\u00ea her kes di nava b\u00eadengiyeke mezin de ten\u00ea weke tema\u015fevan li v\u00ea Arena \u00fb Eng\u00eezasyona dewlet\u00ean dagirker li kurdistan\u00ea tema\u015fe dike. B\u00eag\u00fbman ev b\u00eadeng\u00ee \u00fb heman dem \u00eari\u015f\u00ean ser gel\u00ea kurd \u00fb T\u00eako\u015f\u00eena azadiya jina kurd y\u00ea ti car neba sedem\u00ea ku gel\u00ea kurd dev ji t\u00eako\u015f\u00eena xwe ya azadiy\u00ea berde. Gel\u00ea me bi v\u00eena xwe ya azadiy\u00ea \u00e7ewa ku \u00eari\u015f \u00fb siyaseta ku DA\u0130\u015e\u2019\u00ea \u00fb hevkar\u00ea w\u00ea vala derxist, y\u00ea bi berxwedaniya xwe di xeta 3. de \u00fb p\u00ea\u015fvebirina xweseriya demokrat\u00eek tola hem\u00fb qirkirin \u00fb siyaseta dagirkeriy\u00ea li kurdistan\u00ea bigre. Em bang li gel\u00ea xwe \u00fb jin \u00fb ciwan\u00ean kurd, dikin ku di v\u00ea dema r\u00fbmet\u00ea de bi sekna xwe ya netew\u00ee \u00fb rih\u00ea serketin\u00ea xwed\u00ee ji destkeftiy\u00ea xwe derkevin. Li k\u00fbrdistan\u00ea \u015fereke qirkirin\u00ea ser me kurdan t\u00ea ferz kirin, l\u00ea bel\u00ea gel\u00ea me li Rojava ev siyaset bi rih\u00ea netew\u00ee t\u00eak bir, dema w\u00ea ye ku bi vi rih\u00ea berpirsyart\u00ee em v\u00ea siyaseta li Bak\u00fbr\u00ea kurdistan\u00ea j\u00ee t\u00eak bibin hatiye. Her kurdek li k\u00fb be li hember\u00ea Bak\u00fbr\u00ea kurdistan\u00ea p\u00eaw\u00eeste ku bi berpirsyartiya xwe ya d\u00eerok\u00ee rabe.<\/p>\n<p style=\"text-align: left\">Bi vi rih\u00ee y\u00ea siyaset \u00fb zihniyeta ku pi\u015ft qetliama Par\u00ees, qirkirina 9 g\u00fblan\u00ea li girt\u00eegeha Ev\u00een \u00fb qirkirina li \u015eengal \u00fb Helep\u00e7e b\u00fb b\u00ea ron\u00ee kirin \u00fb tola cangoriy\u00ean di oxira azadiy\u00ea de ji fa\u015f\u00eezm \u00fb nijadperest\u00ee \u00fb zayend\u00eepar\u00eaziy\u00ea b\u00ea girtin. Ron\u00eekirina van qetliaman \u00fb bi dav\u00ee an\u00eena van qirkirinan erkek r\u00fbmet \u00fb mirov b\u00fbn\u00eaye.<\/p>\n<p style=\"text-align: left\">Em careke din hem\u00fb h\u00eaz \u00fb hejmoniya ku pi\u015ft van qirkirin \u00fb hov\u00eetiyane lenet dikin \u00fb sonda serxistina doza azadiya gel\u00ea kurd \u00fb p\u00ea\u015fvebirina pergala netewa demokrat\u00eek dixwin.<\/p>\n<p style=\"text-align: left\">Hevserokatiya PJAK<\/p>\n<p style=\"text-align: left\">07.01.2016<\/p>\n<p style=\"text-align: left\">\n","protected":false},"excerpt":{"rendered":"<p>Qetliama hovane ya 9\u2019\u00ea \u00c7ile li Par\u00ees\u00ea ku dij bi s\u00ea jin\u00ean teko\u015f\u00ear\u00ea kurd Sak\u00eene Cansiz, F\u00eedan Do\u011fan, Leyla \u015eaylemez p\u00ea\u015f ketiye lenet dikin \u00fb di kesayeta her 3 qehriman\u00ean jin hem\u00fb jin \u00fb mirov\u00ean di oxira azadiy\u00ea de can\u00ea xwe feda kirine bi b\u00eer t\u00eenin. Qetliama Par\u00ees\u2019\u00ea di kesayeta her s\u00ea jin\u00ea kurd, t\u00eako\u015f\u00eena [&hellip;]<\/p>\n","protected":false},"author":1,"featured_media":3916,"comment_status":"closed","ping_status":"closed","sticky":false,"template":"","format":"standard","meta":{"_acf_changed":false,"footnotes":""},"categories":[4],"tags":[],"class_list":{"0":"post-3915","1":"post","2":"type-post","3":"status-publish","4":"format-standard","5":"has-post-thumbnail","7":"category-gotar"},"acf":[],"_links":{"self":[{"href":"https:\/\/pjak.net\/ku\/wp-json\/wp\/v2\/posts\/3915","targetHints":{"allow":["GET"]}}],"collection":[{"href":"https:\/\/pjak.net\/ku\/wp-json\/wp\/v2\/posts"}],"about":[{"href":"https:\/\/pjak.net\/ku\/wp-json\/wp\/v2\/types\/post"}],"author":[{"embeddable":true,"href":"https:\/\/pjak.net\/ku\/wp-json\/wp\/v2\/users\/1"}],"replies":[{"embeddable":true,"href":"https:\/\/pjak.net\/ku\/wp-json\/wp\/v2\/comments?post=3915"}],"version-history":[{"count":0,"href":"https:\/\/pjak.net\/ku\/wp-json\/wp\/v2\/posts\/3915\/revisions"}],"wp:featuredmedia":[{"embeddable":true,"href":"https:\/\/pjak.net\/ku\/wp-json\/"}],"wp:attachment":[{"href":"https:\/\/pjak.net\/ku\/wp-json\/wp\/v2\/media?parent=3915"}],"wp:term":[{"taxonomy":"category","embeddable":true,"href":"https:\/\/pjak.net\/ku\/wp-json\/wp\/v2\/categories?post=3915"},{"taxonomy":"post_tag","embeddable":true,"href":"https:\/\/pjak.net\/ku\/wp-json\/wp\/v2\/tags?post=3915"}],"curies":[{"name":"wp","href":"https:\/\/api.w.org\/{rel}","templated":true}]}}