{"id":3849,"date":"2015-11-27T00:35:20","date_gmt":"2015-11-26T22:35:20","guid":{"rendered":"http:\/\/pjak.eu\/ku\/?p=3849"},"modified":"2025-04-21T00:00:42","modified_gmt":"2025-04-20T20:30:42","slug":"pkk-hiviya-mirovahi-u-gelen-bindest-ya-ve-sedsale-ye","status":"publish","type":"post","link":"https:\/\/pjak.net\/ku\/3849","title":{"rendered":"PKK hiviya mirovah\u00ee \u00fb gel\u00ean bindest ya v\u00ea sedsal\u00ea ye"},"content":{"rendered":"<p>Cejna vej\u00een\u00ea, 37. salvegera damezrandina Partiya Karker\u00ean Kurdistan\u00ea PKK li hem\u00fb mirovah\u00ee, damiz\u00eer \u00fb afir\u00eener\u00ea v\u00ea vej\u00eena mezin R\u00eaber APO \u00fb \u015eeh\u00eed\u00ean r\u00eaya heq\u00eeqet \u00fb li gel\u00ea Kurd \u00fb Mil\u00eetan\u00ean PKK\u2019\u00ea p\u00eeroz dikin.<\/p>\n<p>PKK di demeke her\u00ee xedar \u00fb zor ya d\u00eeroka gel\u00ea kurd de b\u00fb ron\u00ee \u00fb h\u00eev\u00ee ji bona gel\u00ea ku bi tinekirin\u00ea re r\u00fb bi r\u00fb b\u00fb. derketina PKK\u2019\u00ea ji bona gel\u00ea me careke din ketina nava pel\u00ean d\u00eerok\u00ea b\u00fb, ji ber ku bi hevp\u00eayman \u00fb qirkirina ku li her \u00e7ar par\u00e7\u00ea kurdistan\u00ea p\u00ea\u015f dixistin behs ji heb\u00fbna kurd kirin m\u00fbmk\u00fbn neb\u00fb. R\u00eaber\u00ea gel\u00ea Kurd bi avakirina PKK\u2019\u00ea zihniyeta serdestiya inkar \u00fb siyaseta b\u00ea nasnamekirina mirovahiy\u00ea hilwe\u015fand. Nijadperest\u00ee, zyend\u00eepar\u00eaz\u00ee, olperest\u00ee \u00fb pergala Netew dewlet\u00ea ku xwe bi met\u00eengeriya ser civaka mirovah\u00ee bilind dikir bi felsefeya Apo\u2019y\u00ee ve, derbeyeke her\u00ee mezin xwar. Li Rojhelata Nav\u00een bi v\u00ea derketina d\u00eerok\u00ee efsaneya berxwedan \u00fb jiyana n\u00fb bi nav\u00ea gelan \u00fb demokrasiye careke din j\u00eendar b\u00fb. Ji ber v\u00ea rastiy\u00ea j\u00ee \u00eero PKK b\u00fbye roniya azad\u00ee \u00fb felsefeya jiyana gel\u00ea v\u00ea erdnigariy\u00ea. Jiyana PKK\u2019\u00ea vegera bi civaka Exlaq\u00ee \u00fb Polot\u00eek, ango vegera bi cweher\u00ea xwe y\u00ea mirov b\u00fbn\u00ea ye. Di v\u00ea dema ku li Rojhelata Nav\u00een hov\u00eetiya \u00e7etey\u00ean DA\u0130\u015e \u00fb hevkar\u00ean wan Rojhelata Nav\u00een ber bi \u015fer\u00ean xw\u00een\u00een \u00fb qirkirin\u00ea ve dibe, Mil\u00eetan\u00ean PKK\u2019\u00ea bi riheke feday\u00ee b\u00fbne, mertal\u00ean parastina nirx\u00ean v\u00ea civak \u00fb erdnigariy\u00ea.<\/p>\n<p>T\u00fb h\u00eaz \u00fb t\u00fb kesek nikare di demeke bi vi reng\u00ee ku PKK\u2019\u00ea li her\u00eam\u00ea bi qehrimant\u00ee \u00fb bedel\u00ean mezin bi nav\u00ea mirovah\u00ee \u00fb r\u00fbmeta mirovb\u00fbn\u00ea t\u00eako\u015f\u00een kir v\u00ea rastiy\u00ea neb\u00eene \u00fb inkar bike. R\u00fbxm\u00ea v\u00ea rastiya t\u00ea jiyankirin, b\u00eadengiyeke mezin li hember\u00ea \u00eari\u015f\u00ean dewleta Tirk ser PKK\u2019\u00ea \u00fb tecr\u00eeta li hember\u00ea R\u00eaber\u00ea gel\u00ea kurd heye. Ger \u00eero li her\u00eam\u00ea p\u00ea\u015f\u00ee li \u00eari\u015f\u00ean hovane y\u00ea DA\u0130\u015e\u2019\u00ea ku bi dest\u00ea v\u00ea dewlet\u00ea t\u00ean r\u00eavebirin \u00fb b\u00fbye belaya ser\u00ea cihan\u00ea t\u00ea girtin, b\u00eag\u00fbman ji ber berxwedana ku di mil\u00ea militan\u00ean v\u00ea hereket\u00ea \u00fb gel\u00ea kurde. L\u00ea ev rast\u00ee t\u00ea berovaj\u00ee kirin \u00fb her h\u00eaz dewlet \u00fb milek ji ber berjiwendiy\u00ea xwe \u00e7av\u00ea xwe li hember\u00ea qirkirina ku li Bak\u00fbr\u00ea Kurdisatan \u00fb \u00eari\u015f\u00ean dewleta Tirk li \u00e7iyay\u00ean Kurdistan\u00ea digire \u00fb v\u00ea rista ku PKK diley\u00eeze ji ned\u00eet\u00ee t\u00ean. Ev yek j\u00ee rastiya bi \u00ea\u015f ya dewlet\u00ean navnetew\u00ee \u00fb mil\u00ean ku behs ji a\u015ft\u00ee, demokras\u00ee \u00fb maf\u00ea mirov diken e. Em di w\u00ea baweriy\u00ea dene ku Hereketa PKK\u2019\u00ea bi Felsefa Apo\u2019y\u00ee ten\u00ea alaternat\u00eefa v\u00ea dem\u00ea ya a\u015ftiyeke mayende \u00fb \u00e7areseriya pirsgir\u00eaka demokras\u00ee \u00fb azadiy\u00ea li hember\u00ea vi \u015fer\u00ea ku li cihan\u00ea belav dibe ye. Her kes\u00ea ku behs ji mirovb\u00fbn, R\u00fbmet \u00fb a\u015ft\u00ee \u00fb demokrasiy\u00ea dike di v\u00ea dem\u00ea de p\u00eaw\u00eeste ku \u015ferma mirovahiy\u00ea ku b\u00fbye sedema radestkirina R\u00eaber\u00ea Gel\u00ea Kurd bi dewleta Tirk bi dav\u00ee b\u00eenin \u00fb p\u00ea\u015f\u00ee li \u00eari\u015f\u00ean ser gel\u00ea Kurd \u00fb hereketa PKK\u2019\u00ea bigrin.<\/p>\n<p>Em bang li hem\u00fb gel\u00ean cihan\u00ea \u00fb kes\u00ean ku dil\u00ea wan ji bona a\u015ft\u00ee \u00fb azadiy\u00ea l\u00ea dide dikin, ku ji bona bi dav\u00ee an\u00eena tecrit \u00fb girtina R\u00eaber\u00ea gel\u00ea kurd sekneke d\u00eerok\u00ee raber bikin \u00fb di r\u00fbpel\u00ean re\u015f y\u00ea d\u00eerok\u00ea de cih negrin. Gel\u00ea me li her \u00e7ar par\u00e7\u00ea Kurdistan\u00ea j\u00ee p\u00eaw\u00eeste ku xwed\u00ee nirx\u00ean xwe ku bi derketina PKK\u2019\u00ea gehi\u015ftiye asta serketin\u00ea derkevin \u00fb van destkeftiy\u00ean ku bi bedel \u00fb nirx\u00ean mezin hatine afirandin bipar\u00eazin. \u00cero PKK 29 serhildan\u00ea ku di d\u00eeroka gel\u00ea me de hatine jiyankirin ber bi serkeftin\u00ea dibe. Bi R\u00eabertiya R\u00eaber APO \u00fb t\u00eako\u015f\u00eena b\u00eaeman ya PKK\u2019\u00ea li her\u00eam\u00ea sosyalizm, demokras\u00ee \u00fb nirx\u00ean civak\u00ea careke din j\u00eemdar dibin. Gel\u00ea kurd, ku bi p\u00ea\u015fengtiya PKK\u2019\u00ea 37 sale t\u00eako\u015f\u00eena azad\u00ee \u00fb demokrasiy\u00ea dide \u00eero li her\u00eam\u00ea \u00fb cihan\u00ea bi keda xwe h\u00eemeke mezin \u00fb alternat\u00eefeke her\u00ee bi h\u00eaz ji bona \u00e7areseriya hem\u00fb pirsgir\u00eak\u00ean, siyas\u00ee, civak\u00ee, abor\u00ee, zayend\u00ee \u00fb pergal\u00ea p\u00ea\u015f xistiye. Her kurdek p\u00eaw\u00eeste di ferqa v\u00ea ked \u00fb rista xwe de be \u00fb ji bona Kurdistaneke azad \u00fb jiyaneke bi r\u00fbmet derdor\u00ea van nirxan xwe bike mertal \u00fb heya serxistina v\u00ea doz\u00ea li her \u00e7ar par\u00e7\u00ea krdistan\u00ea bi yek rih \u00fb deng\u00ee tev bigere. \u00c7ewa ku li Koban\u00ea ev rih \u00fb deng b\u00fb yek vir \u00fb \u015f\u00fbnda li Farq\u00een, ciz\u00eer\u00ea, Gever\u00ea j\u00ee p\u00eaw\u00eeste ev sekn b\u00ea raber kirin. Xwed\u00ee derketin ji destkeftiy\u00ean v\u00ea dem\u00ea, xwed\u00ee derketin ji bedel \u00fb keda ku vi gel\u00ee bi xwe di oxira v\u00ea t\u00eako\u015f\u00een\u00ea de daye. Banga me li hem\u00fb ciwan, jin \u00fb gel\u00ea em li her \u00e7ar par\u00e7\u00ea kurdistan \u00fb taybet gel\u00ea me li Rojhelat\u00ea Kurdistan\u00ea ewe ku bi rih\u00ea Viyan, Rostem, \u015e\u00eer\u00een \u00fb Sarayan di v\u00ea qonax\u00ea de, bi erka xwe ya Netew\u00ee rabin \u00fb v\u00ea t\u00eako\u015f\u00eena azadiya gel\u00ea xwe ber bi serkeftin\u00ea bibin.<\/p>\n<p>&nbsp;<\/p>\n<p><strong>Mecl\u00eesa Partiya Jiyana Azad a Kurdistan\u00ea \u2500 PJAK<\/strong><br \/>\n26.11.2015<\/p>\n","protected":false},"excerpt":{"rendered":"<p>Cejna vej\u00een\u00ea, 37. salvegera damezrandina Partiya Karker\u00ean Kurdistan\u00ea PKK li hem\u00fb mirovah\u00ee, damiz\u00eer \u00fb afir\u00eener\u00ea v\u00ea vej\u00eena mezin R\u00eaber APO \u00fb \u015eeh\u00eed\u00ean r\u00eaya heq\u00eeqet \u00fb li gel\u00ea Kurd \u00fb Mil\u00eetan\u00ean PKK\u2019\u00ea p\u00eeroz dikin. PKK di demeke her\u00ee xedar \u00fb zor ya d\u00eeroka gel\u00ea kurd de b\u00fb ron\u00ee \u00fb h\u00eev\u00ee ji bona gel\u00ea ku bi tinekirin\u00ea [&hellip;]<\/p>\n","protected":false},"author":1,"featured_media":3851,"comment_status":"closed","ping_status":"closed","sticky":false,"template":"","format":"standard","meta":{"_acf_changed":false,"footnotes":""},"categories":[4],"tags":[],"class_list":{"0":"post-3849","1":"post","2":"type-post","3":"status-publish","4":"format-standard","5":"has-post-thumbnail","7":"category-gotar"},"acf":[],"_links":{"self":[{"href":"https:\/\/pjak.net\/ku\/wp-json\/wp\/v2\/posts\/3849","targetHints":{"allow":["GET"]}}],"collection":[{"href":"https:\/\/pjak.net\/ku\/wp-json\/wp\/v2\/posts"}],"about":[{"href":"https:\/\/pjak.net\/ku\/wp-json\/wp\/v2\/types\/post"}],"author":[{"embeddable":true,"href":"https:\/\/pjak.net\/ku\/wp-json\/wp\/v2\/users\/1"}],"replies":[{"embeddable":true,"href":"https:\/\/pjak.net\/ku\/wp-json\/wp\/v2\/comments?post=3849"}],"version-history":[{"count":1,"href":"https:\/\/pjak.net\/ku\/wp-json\/wp\/v2\/posts\/3849\/revisions"}],"predecessor-version":[{"id":9913,"href":"https:\/\/pjak.net\/ku\/wp-json\/wp\/v2\/posts\/3849\/revisions\/9913"}],"wp:featuredmedia":[{"embeddable":true,"href":"https:\/\/pjak.net\/ku\/wp-json\/"}],"wp:attachment":[{"href":"https:\/\/pjak.net\/ku\/wp-json\/wp\/v2\/media?parent=3849"}],"wp:term":[{"taxonomy":"category","embeddable":true,"href":"https:\/\/pjak.net\/ku\/wp-json\/wp\/v2\/categories?post=3849"},{"taxonomy":"post_tag","embeddable":true,"href":"https:\/\/pjak.net\/ku\/wp-json\/wp\/v2\/tags?post=3849"}],"curies":[{"name":"wp","href":"https:\/\/api.w.org\/{rel}","templated":true}]}}