{"id":3771,"date":"2015-08-26T11:38:41","date_gmt":"2015-08-26T09:38:41","guid":{"rendered":"http:\/\/pjak.eu\/ku\/?p=3771"},"modified":"2025-04-21T00:00:43","modified_gmt":"2025-04-20T20:30:43","slug":"darvekirin-ye-rejima-irane-bi-carenusa-tunise-re-ru-bi-ru-bihele","status":"publish","type":"post","link":"https:\/\/pjak.net\/ku\/3771","title":{"rendered":"Darvekirin y\u00ea rej\u00eema \u00ceran\u00ea bi \u00e7aren\u00fbsa T\u00fbnis\u00ea re r\u00fb bi r\u00fb bih\u00eale"},"content":{"rendered":"<p>Em qehriman \u00fb berxwed\u00ear\u00ea kurd B\u00eahr\u00fbz Alaxan\u00ee ku li hember\u00ea b\u00eadad\u00ee \u00fb zilma dewleta \u00ceran\u00ea bi avayeke dil\u00ear\u00ee berxweda bi b\u00eer t\u00eenin \u00fb bejna xwe li hember\u00ea w\u00ee ditew\u00eenin, ji malbata W\u00ee \u00fb gel\u00ea kurd re sersax\u00ee dixwazin. V\u00ea weh\u015feta rej\u00eema S\u00eadare ku dijminahiya gelan \u00fb taybet gel\u00ea kurd k\u00fbr dikin nelet \u00fb nifr\u00een dikin. Ev siyaseta rej\u00eema \u00ceran\u00ea di v\u00ea dem\u00ea ten\u00ea xizmeta t\u00eakbirina v\u00ea rej\u00eem\u00ea dike. Di milek\u00ea bi Emer\u00eeka \u00fb dewlet\u00ean derve lihev dikin \u00fb diyare ku encama van lihevkirina j\u00ee q\u00fbrbankirina gel\u00ea kurde. gel\u00ea kurd li her\u00eam\u00ea dikin bazara nakokiy\u00ean navbera xwe. Ger dewleta \u00eeran\u00ea bi avayeke wisa b\u00eag\u00fbman \u00fb b\u00eatirs her roj dehan zarok\u00ea vi gel\u00ee ber bi s\u00eadarey\u00ea dibe. Ev darvekirin \u00fb \u00eari\u015f\u00ean nemirovane j\u00ee encama lihevkirin\u00ean dav\u00ee y\u00ea v\u00ea Rej\u00eem\u00ea \u00fb siyaseta v\u00ea dem\u00ea ya dewleta \u00ceran\u00ea dij bi gel\u00ea me ye. Dewleta \u00ceran\u00ea bi van darvekirinan gel\u00ea kurd ber bi biryar\u00ean pir c\u00fbda ve dibe. \u00e7ewa k\u00fb li hember\u00ea zilma Erdo\u011fana gel\u00ea me biryara xwe ya t\u00eako\u015f\u00een\u00ea da, ya ku Dewleta Rohan\u00ee j\u00ee ser gel\u00ea kurd ferz dike hemane. Bila rej\u00eema \u00ceran\u00ea di v\u00ea dem\u00ea ku nefes\u00ean xwe y\u00ea her\u00ee dijwar diki\u015f\u00eene gel\u00ea k\u00fbrd ney\u00eene w\u00ea ast\u00ea ku \u00ead\u00ee bin xirabey\u00ean ku bi xwe ava dike dernekeve. Ji ber \u00eari\u015f\u00ea ser Hosiy\u00ea li yemen\u00ea bide sekinandin gel\u00ea her\u00eam\u00ea \u00fb gel\u00ea kurd q\u00fbrban dikin. Ev siyasta qir\u00eaj ya rej\u00eema hey\u00ee bi ti \u015f\u00eavaz\u00ee nay\u00ea pejirandin \u00fb y\u00ean ku bi gel\u00ea kurd \u00fb nirx\u00ean wan dil\u00eezin b\u00eag\u00fbman bi \u00e7aren\u00fbsa DA\u0130\u015e\u2019\u00ea re r\u00fb bi r\u00fb bim\u00eenin. Darvekirina B\u00eahr\u00fbz Alaxan\u00ee mijarek ku b\u00ea pejirandin n\u00eene. Ji xwe bi salan j\u00ear \u015fikencey\u00ean her\u00ee dijwar de felc bib\u00fb. Di zagon\u00ea t\u00fb dewlek\u00ea de li hember\u00ea mirov\u00ean ku di v\u00ea rew\u015f\u00ea dene birayareke wisa hovane nehatiye er\u00eakirin \u00fb p\u00eakan\u00een. L\u00ea R\u00eaj\u00eema s\u00eadareya \u00ceran\u00ea \u00ead\u00ee hem\u00fb s\u00eenor\u00ean mirovb\u00fbn \u00fb vicdan j\u00ee derbas kiriye. Kurdeke ku bi weh\u015feta xwe felc kiriye j\u00ee ji bona xwe weke tirs \u00fb xeter dib\u00eene. Tehem\u00fbla v\u00ea rej\u00eem\u00ea li hember\u00ea jiyankirina gel\u00ea kurd nemaye. Li girt\u00eegehan li kolanan \u00fb her der\u00ea \u00eari\u015f ser gel\u00ea me dike. Bila Rohen\u00ee \u00fb dewleta w\u00ee dev ji siyasta xwe ya qir\u00eaj \u00fb direw\u00een ku li k\u00fbrdistan\u00ea dime\u015f\u00eenin berdin \u00fb vekir\u00ee vi gel\u00ee re rastiya xwe dan\u00ean hol\u00ea. Gel\u00ea me p\u00eav\u00eeste ku r\u00fby\u00ea rast y\u00ea Dewleta Rohan\u00ee Ku li Sine bi maskeya Dehakan tevdigeriya ba\u015f bib\u00eene \u00fb li hember\u00ea v\u00ea hov\u00eetiya rej\u00eem\u00ea helwesta xwe diyar bike.<\/p>\n<p>Ciwan\u00ean Kurd li sertaser\u00ea \u00ceran\u00ea p\u00eav\u00eeste ku li hember\u00ea van tay\u00ean s\u00eadare ku her Roj ciwanek\u00ea ber bi qirkirin\u00ea dibe b\u00eadeng nebin \u00fb helwest\u00ean xwe y\u00ea welatpar\u00eaz\u00ee \u00fb berxwed\u00eariy\u00ea raber kin. Li hember\u00ea v\u00ea qirkirina siyas\u00ee \u00fb hov\u00eetiya Rej\u00eem\u00ea t\u00fb kurdek p\u00eaw\u00eeste b\u00eadeng nem\u00eene. Yan y\u00ea ev rej\u00eem dev ji v\u00ea siyasta xwe berde yan j\u00ee y\u00ea hisab\u00ea van kiryar\u00ean xwe bide.<\/p>\n<p>Bi darvekirina S\u00eerwan \u00fb B\u00eahr\u00fbzan hewl t\u00ea day\u00een ku gel\u00ea me \u00fb teybet j\u00ee ciwan\u00ean kurd di v\u00ea dema d\u00eerok\u00ee ku gel\u00ea kurd bi t\u00eako\u015f\u00eeneke b\u00eahempa li her \u00e7ar par\u00e7\u00ea kurdistan\u00ea \u00e7eren\u00fbsa xwe diyar dike ji v\u00ea t\u00eako\u015f\u00een\u00ea p\u00eangav pa\u015fve bav\u00eajin. Ne gel\u00ea me ne j\u00ee t\u00fb ciwaneke kurd li hember\u00ea v\u00ea siyasta p\u00fb\u00e7b\u00fby\u00ee ya v\u00ea Rej\u00eem\u00ea gere ji helwesta xwe ya bilindkirina t\u00eako\u015f\u00eena xwe ya azadiy\u00ea \u00fb d\u00fbr nex. Dema w\u00ea ye ku gel\u00ea kurd di v\u00ea qonax\u00ea \u00e7aren\u00fbsa xwe diyar bike \u00fb bi ti \u015f\u00eavaz\u00ee dagirker\u00ee \u00fb zilma li ser xwe qeb\u00fbl neke \u00fb ti \u00eari\u015f\u00ean dijmin b\u00ea bersiv neh\u00eale. Gel\u00ea kurd ji bona parastina xwe li hember\u00ea hov\u00eetiya DA\u0130\u015e\u2019\u00ea li Ba\u015fr \u00fb \u00fb Rojava \u00e7ewa b\u00fbn mertal \u00fb \u00cero li hember\u00ea \u015fer\u00ea AKP\u2019\u00ea xwe r\u00eavedibin li hember\u00ea siyaseta S\u00eadare \u00fb hov\u00eetiya dewleta Rohan\u00ee j\u00ee p\u00eav\u00eeste Ku maf\u00ea xwe y\u00ea parastin\u00ea bi kar b\u00eenin. Em bang li Rej\u00eema \u00ceran\u00ea dikin ku ji bona hin armanc\u00ean Qir\u00eaj hirsa gel\u00ea Kurd nebin ser\u00ee \u00fb r\u00ea ji dijminahiyeke h\u00ea Kurtir ya gelan veneken. Berdewamkirina van kiryaran bi ti \u015f\u00eavaz\u00ee y\u00ea ney\u00ea pejirandin \u00fb em \u015fiyar\u00ee didin ku dem ne dema bi hesasiyet \u00fb nirx\u00ea gel\u00ea kurd l\u00eestine. Gel\u00ea kurd di w\u00ea dema d\u00eerok\u00ee \u00fb di w\u00ea h\u00eaz\u00ea deye ku vir \u00fb \u015f\u00fbnda biryara xwe ya jiyan \u00fb xwe me\u015fandin\u00ea bide.<\/p>\n<p>Ev kiryara rej\u00eema \u00ceran\u00ea di mil\u00ea t\u00eako\u015f\u00eena azadiya gel\u00ea kurd de y\u00ea bi ti away\u00ee b\u00ea bersiv nem\u00eene. Em banga t\u00eako\u015f\u00een \u00fb xwed\u00ee derketina ji \u015feh\u00eed\u00ean S\u00eadar\u00ea \u015feh\u00eed\u00ean R\u00fbmet \u00fb berxwedan\u00ea ji gel\u00ea xwe taybet j\u00ee ciwanan dikin. Careke din v\u00ea kiryara fa\u015f\u00eezan \u00fb nijadperest ya rej\u00eema \u00ceran\u00ea \u00fb siyasta qir\u00eaj ya dewleta Rohan\u00ee hember\u00ea gel\u00ea kurd \u015fermizar \u00fb nelet dikin.<\/p>\n<p>\u00a0<\/p>\n<p><strong>Mecl\u00eesa Part\u00ee Jiyan\u00ee Azad\u00ee Kurdistan \u2013 PJAK<\/strong><br \/>\n26.08.2015<\/p>\n","protected":false},"excerpt":{"rendered":"<p>Em qehriman \u00fb berxwed\u00ear\u00ea kurd B\u00eahr\u00fbz Alaxan\u00ee ku li hember\u00ea b\u00eadad\u00ee \u00fb zilma dewleta \u00ceran\u00ea bi avayeke dil\u00ear\u00ee berxweda bi b\u00eer t\u00eenin \u00fb bejna xwe li hember\u00ea w\u00ee ditew\u00eenin, ji malbata W\u00ee \u00fb gel\u00ea kurd re sersax\u00ee dixwazin. V\u00ea weh\u015feta rej\u00eema S\u00eadare ku dijminahiya gelan \u00fb taybet gel\u00ea kurd k\u00fbr dikin nelet \u00fb nifr\u00een dikin. [&hellip;]<\/p>\n","protected":false},"author":1,"featured_media":3772,"comment_status":"closed","ping_status":"closed","sticky":false,"template":"","format":"standard","meta":{"_acf_changed":false,"footnotes":""},"categories":[4],"tags":[],"class_list":{"0":"post-3771","1":"post","2":"type-post","3":"status-publish","4":"format-standard","5":"has-post-thumbnail","7":"category-gotar"},"acf":[],"_links":{"self":[{"href":"https:\/\/pjak.net\/ku\/wp-json\/wp\/v2\/posts\/3771","targetHints":{"allow":["GET"]}}],"collection":[{"href":"https:\/\/pjak.net\/ku\/wp-json\/wp\/v2\/posts"}],"about":[{"href":"https:\/\/pjak.net\/ku\/wp-json\/wp\/v2\/types\/post"}],"author":[{"embeddable":true,"href":"https:\/\/pjak.net\/ku\/wp-json\/wp\/v2\/users\/1"}],"replies":[{"embeddable":true,"href":"https:\/\/pjak.net\/ku\/wp-json\/wp\/v2\/comments?post=3771"}],"version-history":[{"count":1,"href":"https:\/\/pjak.net\/ku\/wp-json\/wp\/v2\/posts\/3771\/revisions"}],"predecessor-version":[{"id":9914,"href":"https:\/\/pjak.net\/ku\/wp-json\/wp\/v2\/posts\/3771\/revisions\/9914"}],"wp:featuredmedia":[{"embeddable":true,"href":"https:\/\/pjak.net\/ku\/wp-json\/"}],"wp:attachment":[{"href":"https:\/\/pjak.net\/ku\/wp-json\/wp\/v2\/media?parent=3771"}],"wp:term":[{"taxonomy":"category","embeddable":true,"href":"https:\/\/pjak.net\/ku\/wp-json\/wp\/v2\/categories?post=3771"},{"taxonomy":"post_tag","embeddable":true,"href":"https:\/\/pjak.net\/ku\/wp-json\/wp\/v2\/tags?post=3771"}],"curies":[{"name":"wp","href":"https:\/\/api.w.org\/{rel}","templated":true}]}}