{"id":3764,"date":"2015-08-10T08:40:23","date_gmt":"2015-08-10T06:40:23","guid":{"rendered":"http:\/\/pjak.eu\/ku\/?p=3764"},"modified":"2025-04-21T00:00:43","modified_gmt":"2025-04-20T20:30:43","slug":"rejima-irane-mirovahi-u-denge-azadiye-her-roj-darve-dike","status":"publish","type":"post","link":"https:\/\/pjak.net\/ku\/3764","title":{"rendered":"Rej\u00eema \u00ceran\u00ea Mirovah\u00ee \u00fb Deng\u00ea Azadiy\u00ea Her Roj Darve Dike"},"content":{"rendered":"<p>Em weke Partiya Jiyana Azad\u00ea Kurdistan\u00ea PJAK li hember\u00ea \u015e. S\u00eadare, S\u00eerwan Nijaw\u00ee bejna xwe ditew\u00eenin \u00fb ji malbata w\u00ee \u00fb gel\u00ea Kurd re sersax\u00ee dixwazin, soza bilindkirina t\u00eako\u015f\u00eena w\u00ee didin. V\u00ea siyaseta s\u00eadare \u00fb r\u00eabaz\u00ea Hovane y\u00ea rej\u00eema \u00ceran\u00ea nelet \u00fb Nifr\u00een dikin \u00fb y\u00ea hisab\u00ea van kiryaran ji v\u00ea rej\u00eem\u00ea re nem\u00eene.<\/p>\n<p>Rej\u00eema S\u00eadara \u00ceran\u00ea her tim di dem\u00ean xwe y\u00ea tengav \u00fb b\u00ea\u00e7aretiy\u00ea de bi qetilkirin \u00fb siyaseta s\u00eadare ber\u00ea xwe dide t\u00eako\u015f\u00eena gelan, di v\u00ea dem\u00ea j\u00ee ku qeyran\u00ean siyas\u00ee \u00fb par\u00e7eb\u00fbnek\u00ea di nav xwe de dij\u00ee heman r\u00eabaz\u00ee li hember\u00ea gel\u00ea kurd raber dike. Di v\u00ea qonax\u00ea ku hin imtiyaz ji Emer\u00eeka \u00fb derdor girtiye bi avayeke pir \u00e7avsor \u00fb b\u00ea naskirina ti q\u00fbral \u00fb zagonan, me\u015fandina her c\u00fbre hov\u00eetiy\u00ea di mil\u00ea xwe de rewa dib\u00eene. Darvekirina \u00e7alakvan\u00ea Kurd S\u00eerwan Nejaw\u00ee j\u00ee di v\u00ea dem\u00ea b\u00ea g\u00fbman b\u00ea armanc n\u00eene \u00fb r\u00fby\u00ea v\u00ea rej\u00eem\u00ea y\u00ea hov\u00eetiya hember\u00ea gel\u00ea kurd radix\u00eene ber \u00e7av. Di milek\u00ea dewleta Rohan\u00ee bi sefer\u00ean li kurdistan\u00ea y\u00ea behs ji \u00e7areser\u00ee \u00fb pi\u015ftg\u00eeriya gel\u00ea Kurd bike, l\u00ea bel\u00ea hemen pi\u015ft\u00ee w\u00ea sefer\u00ea ciwan\u00ean Kurd darve bike, daristan\u00ean Kurdistan\u00ea bi\u015fewit\u00eenin \u00fb ser s\u00eenoran kolber\u00ean Kurd qetil kin \u00fb li \u00e7iyay\u00ean Kurdistan\u00ea bi r\u00eaya \u00e7etey\u00ean xwe \u00eari\u015f ser h\u00eaz\u00ean parastin gel kin. Pi\u015ft\u00ee p\u00eavajoya lihevkirina Dewleta Rohan\u00ee bi Emer\u00eeka, sefera w\u00ee ya Kurdistan \u00fb \u00eari\u015f\u00ean dewleta Tirk ser hereketa Azadiya Gel\u00ea Kurd b\u00eag\u00fbman ev siyaseta ku li Rojhelat\u00ea Kurdistan\u00ea t\u00ea me\u015fandin ji r\u00eaz\u00ea n\u00eene. Dewleta \u00ceran\u00ea di v\u00ea dem\u00ea de bi van \u00eari\u015f \u00fb darvekirinan hewl dide ku hevkariya xwe bi dewleta Tirk \u00fb heman dem konsepta qirkirin\u00ea ya hevbe\u015f ku ser gel\u00ea Kurd t\u00ea me\u015fandin, n\u00ee\u015fan bide.<\/p>\n<p>Demeke ku li kurdistan\u00ea pergaleke m\u00eel\u00eetar\u00eezm \u00fb hemen hemen her roj operasyon\u00ean berfireh y\u00ea dewlet\u00ea li hember\u00ea Ger\u00eelay\u00ean YRK \u00fb HPJ li \u00e7iya didome. P\u00eav\u00eeste ku ev yek di mil\u00ea Rej\u00eema \u00ceran\u00ea de ba\u015f b\u00ea zan\u00een, ku li hember\u00ea her c\u00fbre \u00eari\u015f \u00fb siyaseta qirkirin \u00fb operasyon\u00ean ku tinekirina t\u00eako\u015f\u00eena vi gel\u00ee armanc dike y\u00ea gel\u00ea Kurd \u00fb H\u00eaz\u00ean parastina vi gel\u00ee b\u00ea bersiv nem\u00eenin \u00fb y\u00ea maf\u00ea xwe y\u00ea parastin\u00ea bi avayeke pir akt\u00eef \u00fb bi h\u00eaz p\u00eak b\u00eenin. Dewleta Rohan\u00ee bi siyasta darvekirin \u00fb hin operasyon \u00fb girtin\u00ean ku p\u00ea\u015f dix\u00eene y\u00ea nikaribe p\u00ea\u015f\u00ee li t\u00eako\u015f\u00eena gel\u00ea Kurd bigre. Gel\u00ea Kurd di dema xwe ya her\u00ee bi h\u00eaz deye \u00fb van r\u00eabazan z\u00fbde li kurdistan\u00ea iflas kiriye. Gel\u00ea me ku biryara xwe ya azad\u00ee \u00fb berxwedan\u00ea daye, li hember\u00ea van siyasetan h\u00ea bi azweriyeke mezintir ber\u00ea xwe didin t\u00eako\u015f\u00eena azadiy\u00ea.<\/p>\n<p>Di v\u00ea qonax\u00ea de ku dijmin\u00ean gel\u00ea kurd r\u00fbxm\u00ea hem\u00fb konsept \u00fb hevkirinan bi \u015f\u00eavaz\u00ean her\u00ee hovane \u00eari\u015f ser gel\u00ea me \u00fb t\u00eako\u015f\u00eena vi gel\u00ee li Kurdsitan\u00ea dikin j\u00ee, b\u00eag\u00fbman li hember\u00ea berxwedan \u00fb \u015f\u00eavaz\u00ea t\u00eako\u015f\u00eena azadiya vi gel\u00ee de b\u00ea\u00e7are mane \u00fb bi bersiv\u00ean her\u00ee giran re r\u00fb bi r\u00fb dim\u00een. P\u00eav\u00eeste ku ev yek ba\u015f b\u00ea zan\u00een ku gel\u00ea kurd \u00fb hereketa me ku salane hember\u00ea her c\u00fbre dagirker\u00ee, zext \u00fb heya qirkirin\u00ean di asta her\u00ee jor de ne\u015fket \u00fb tesl\u00eem neb\u00fb di v\u00ea qonaxa t\u00eako\u015f\u00eena xwe de j\u00ee y\u00ea t\u00fb h\u00eaz nikaribe v\u00ea t\u00eako\u015f\u00een\u00ea bide sekinandin.<\/p>\n<p>Gel\u00ea kurd bi berxwed\u00ear\u00ean weke \u015e\u00eer\u00een \u00fb S\u00eerwanan destana qehrimant\u00ee \u00fb ideaya serketin\u00ea daniye hol\u00ea. Ne darvekirin, ne girtin \u00fb ne j\u00ee operasyon\u00ean ku t\u00ean p\u00ea\u015fxistin y\u00ea bi ti \u015f\u00eavaz\u00ee p\u00ea\u015f\u00ee li idaya azadiya vi gel\u00ee bigre \u00fb dewleta \u00ceran\u00ea j\u00ee ji Tirsa pirsgir\u00eaka kurd rizgar bike.<\/p>\n<p>Em bang li gel\u00ea xwe \u00fb taybet j\u00ee ciwan\u00ean kurd dikin ku xwed\u00ee ji t\u00eako\u015f\u00een \u00fb berxwedana S\u00eerwanan derkevin \u00fb bi vi \u015f\u00eavaz\u00ee dav\u00ee li siyaseta darvekirin\u00ea ya v\u00ea rej\u00eema S\u00eadare b\u00eenin. Li hember\u00ea \u015f\u00eavaz\u00ea hovane y\u00ea s\u00eadare \u00fb v\u00ea qetla mirovah\u00ee her insan\u00ea ku xwed\u00ee vicdane p\u00eav\u00eeste ku van kiryar\u00ea rej\u00eema \u00ceran\u00ea mehk\u00fbm bike \u00fb ji v\u00ea rej\u00eem\u00ea re bi yek deng\u00ee b\u00ea gotin qetilkirina mirovah\u00ee re ne!<\/p>\n<p>Em v\u00ea kiryara hovane ya rej\u00eema s\u00eadara \u00ceran\u00ea careke din lenet \u00fb nifr\u00een dikin!<\/p>\n<p>&nbsp;<\/p>\n<p><strong>Meclisa Partiya Jiyana Azad a Kurdistan \u2013 PJAK<\/strong><br \/>\n09.08.2015<\/p>\n","protected":false},"excerpt":{"rendered":"<p>Em weke Partiya Jiyana Azad\u00ea Kurdistan\u00ea PJAK li hember\u00ea \u015e. S\u00eadare, S\u00eerwan Nijaw\u00ee bejna xwe ditew\u00eenin \u00fb ji malbata w\u00ee \u00fb gel\u00ea Kurd re sersax\u00ee dixwazin, soza bilindkirina t\u00eako\u015f\u00eena w\u00ee didin. V\u00ea siyaseta s\u00eadare \u00fb r\u00eabaz\u00ea Hovane y\u00ea rej\u00eema \u00ceran\u00ea nelet \u00fb Nifr\u00een dikin \u00fb y\u00ea hisab\u00ea van kiryaran ji v\u00ea rej\u00eem\u00ea re nem\u00eene. Rej\u00eema [&hellip;]<\/p>\n","protected":false},"author":1,"featured_media":3762,"comment_status":"closed","ping_status":"closed","sticky":false,"template":"","format":"standard","meta":{"_acf_changed":false,"footnotes":""},"categories":[4],"tags":[],"class_list":{"0":"post-3764","1":"post","2":"type-post","3":"status-publish","4":"format-standard","5":"has-post-thumbnail","7":"category-gotar"},"acf":[],"_links":{"self":[{"href":"https:\/\/pjak.net\/ku\/wp-json\/wp\/v2\/posts\/3764","targetHints":{"allow":["GET"]}}],"collection":[{"href":"https:\/\/pjak.net\/ku\/wp-json\/wp\/v2\/posts"}],"about":[{"href":"https:\/\/pjak.net\/ku\/wp-json\/wp\/v2\/types\/post"}],"author":[{"embeddable":true,"href":"https:\/\/pjak.net\/ku\/wp-json\/wp\/v2\/users\/1"}],"replies":[{"embeddable":true,"href":"https:\/\/pjak.net\/ku\/wp-json\/wp\/v2\/comments?post=3764"}],"version-history":[{"count":1,"href":"https:\/\/pjak.net\/ku\/wp-json\/wp\/v2\/posts\/3764\/revisions"}],"predecessor-version":[{"id":9915,"href":"https:\/\/pjak.net\/ku\/wp-json\/wp\/v2\/posts\/3764\/revisions\/9915"}],"wp:featuredmedia":[{"embeddable":true,"href":"https:\/\/pjak.net\/ku\/wp-json\/"}],"wp:attachment":[{"href":"https:\/\/pjak.net\/ku\/wp-json\/wp\/v2\/media?parent=3764"}],"wp:term":[{"taxonomy":"category","embeddable":true,"href":"https:\/\/pjak.net\/ku\/wp-json\/wp\/v2\/categories?post=3764"},{"taxonomy":"post_tag","embeddable":true,"href":"https:\/\/pjak.net\/ku\/wp-json\/wp\/v2\/tags?post=3764"}],"curies":[{"name":"wp","href":"https:\/\/api.w.org\/{rel}","templated":true}]}}